{"id":1006,"date":"2018-04-18T16:02:58","date_gmt":"2018-04-18T16:02:58","guid":{"rendered":"http:\/\/c0530437.ferozo.com\/beltway\/?p=1006"},"modified":"2025-05-09T21:42:34","modified_gmt":"2025-05-09T21:42:34","slug":"espacio-neumeyer","status":"publish","type":"post","link":"https:\/\/beltway.tur.ar\/travel\/espacio-neumeyer\/","title":{"rendered":"Espacio Neumeyer (VALLE DEL CHALHUACO)"},"content":{"rendered":"\n<style type=\"text\/css\" data-created_by=\"avia_inline_auto\" id=\"style-css-av-z8h3oe-4427999b92757fd37379c84efcaa85c4\">\n.flex_column.av-z8h3oe-4427999b92757fd37379c84efcaa85c4{\nborder-radius:0px 0px 0px 0px;\npadding:0px 0px 0px 0px;\n}\n<\/style>\n<div  class='flex_column av-z8h3oe-4427999b92757fd37379c84efcaa85c4 av_one_full  avia-builder-el-0  el_before_av_one_third  avia-builder-el-first  first flex_column_div av-zero-column-padding  '     ><style type=\"text\/css\" data-created_by=\"avia_inline_auto\" id=\"style-css-av-xepcha-7baf27e31a4e1954a86da9c11acde7c7\">\n.avia-accordion.av-xepcha-7baf27e31a4e1954a86da9c11acde7c7{\nmax-height:375px;\n}\n.avia-accordion.av-xepcha-7baf27e31a4e1954a86da9c11acde7c7 .aviaccordion-preview{\nwidth:17.1%;\n}\n#top .avia-accordion.av-xepcha-7baf27e31a4e1954a86da9c11acde7c7 .aviaccordion-title{\nfont-size:10px;\n}\n.avia-accordion .aviaccordion-slide.av-xepcha-7baf27e31a4e1954a86da9c11acde7c7__0{\nleft:0%;\n}\n.avia-accordion .aviaccordion-slide.av-xepcha-7baf27e31a4e1954a86da9c11acde7c7__1{\nleft:16.666666666667%;\n}\n.avia-accordion .aviaccordion-slide.av-xepcha-7baf27e31a4e1954a86da9c11acde7c7__2{\nleft:33.333333333333%;\n}\n.avia-accordion .aviaccordion-slide.av-xepcha-7baf27e31a4e1954a86da9c11acde7c7__3{\nleft:50%;\n}\n.avia-accordion .aviaccordion-slide.av-xepcha-7baf27e31a4e1954a86da9c11acde7c7__4{\nleft:66.666666666667%;\n}\n.avia-accordion .aviaccordion-slide.av-xepcha-7baf27e31a4e1954a86da9c11acde7c7__5{\nleft:83.333333333333%;\n}\n<\/style>\n<div  id=\"accordion_slider_1\"  class='aviaccordion avia-accordion av-xepcha-7baf27e31a4e1954a86da9c11acde7c7 aviaccordion-title-active av-slideshow-autoplay av-loop-endless ' data-slideshow-options=\"{&quot;interval&quot;:3,&quot;autoplay&quot;:true,&quot;loop_autoplay&quot;:&quot;endless&quot;}\"  itemscope=\"itemscope\" itemtype=\"https:\/\/schema.org\/Blog\" ><ul class=\"aviaccordion-inner\"><li class='aviaccordion-slide av-xepcha-7baf27e31a4e1954a86da9c11acde7c7__0 aviaccordion-slide-1' data-av-left='0'  itemscope=\"itemscope\" itemtype=\"https:\/\/schema.org\/BlogPosting\" itemprop=\"blogPost\" ><a class='aviaccordion-slide-link noHover' href=\"https:\/\/beltway.tur.ar\/travel\/wp-content\/uploads\/2017\/05\/015-1030x687.jpg\"  title=\"015\" ><div class='aviaccordion-preview '><\/div><img loading=\"lazy\" decoding=\"async\" width=\"710\" height=\"375\" src=\"https:\/\/beltway.tur.ar\/travel\/wp-content\/uploads\/2017\/05\/015-710x375.jpg\" class=\"aviaccordion-image\" alt=\"\" \/><\/a><\/li><li class='aviaccordion-slide av-xepcha-7baf27e31a4e1954a86da9c11acde7c7__1 aviaccordion-slide-2' data-av-left='16.666666666667'  itemscope=\"itemscope\" itemtype=\"https:\/\/schema.org\/BlogPosting\" itemprop=\"blogPost\" ><a class='aviaccordion-slide-link noHover' href=\"https:\/\/beltway.tur.ar\/travel\/wp-content\/uploads\/2017\/05\/013-e1522619846757-1030x561.jpg\"  title=\"013\" ><div class='aviaccordion-preview '><\/div><img loading=\"lazy\" decoding=\"async\" width=\"710\" height=\"375\" src=\"https:\/\/beltway.tur.ar\/travel\/wp-content\/uploads\/2017\/05\/013-e1522619846757-710x375.jpg\" class=\"aviaccordion-image\" alt=\"\" \/><\/a><\/li><li class='aviaccordion-slide av-xepcha-7baf27e31a4e1954a86da9c11acde7c7__2 aviaccordion-slide-3' data-av-left='33.333333333333'  itemscope=\"itemscope\" itemtype=\"https:\/\/schema.org\/BlogPosting\" itemprop=\"blogPost\" ><a class='aviaccordion-slide-link noHover' href=\"https:\/\/beltway.tur.ar\/travel\/wp-content\/uploads\/2017\/05\/009-1030x682.jpg\"  title=\"009\" ><div class='aviaccordion-preview '><\/div><img loading=\"lazy\" decoding=\"async\" width=\"710\" height=\"375\" src=\"https:\/\/beltway.tur.ar\/travel\/wp-content\/uploads\/2017\/05\/009-710x375.jpg\" class=\"aviaccordion-image\" alt=\"\" \/><\/a><\/li><li class='aviaccordion-slide av-xepcha-7baf27e31a4e1954a86da9c11acde7c7__3 aviaccordion-slide-4' data-av-left='50'  itemscope=\"itemscope\" itemtype=\"https:\/\/schema.org\/BlogPosting\" itemprop=\"blogPost\" ><a class='aviaccordion-slide-link noHover' href=\"https:\/\/beltway.tur.ar\/travel\/wp-content\/uploads\/2017\/05\/035-1030x687.jpg\"  title=\"035\" ><div class='aviaccordion-preview '><\/div><img loading=\"lazy\" decoding=\"async\" width=\"710\" height=\"375\" src=\"https:\/\/beltway.tur.ar\/travel\/wp-content\/uploads\/2017\/05\/035-710x375.jpg\" class=\"aviaccordion-image\" alt=\"\" \/><\/a><\/li><li class='aviaccordion-slide av-xepcha-7baf27e31a4e1954a86da9c11acde7c7__4 aviaccordion-slide-5' data-av-left='66.666666666667'  itemscope=\"itemscope\" itemtype=\"https:\/\/schema.org\/BlogPosting\" itemprop=\"blogPost\" ><a class='aviaccordion-slide-link noHover' href=\"https:\/\/beltway.tur.ar\/travel\/wp-content\/uploads\/2017\/05\/007-1030x685.jpg\"  title=\"007\" ><div class='aviaccordion-preview '><\/div><img loading=\"lazy\" decoding=\"async\" width=\"710\" height=\"375\" src=\"https:\/\/beltway.tur.ar\/travel\/wp-content\/uploads\/2017\/05\/007-710x375.jpg\" class=\"aviaccordion-image\" alt=\"\" \/><\/a><\/li><li class='aviaccordion-slide av-xepcha-7baf27e31a4e1954a86da9c11acde7c7__5 aviaccordion-slide-6' data-av-left='83.333333333333'  itemscope=\"itemscope\" itemtype=\"https:\/\/schema.org\/BlogPosting\" itemprop=\"blogPost\" ><a class='aviaccordion-slide-link noHover' href=\"https:\/\/beltway.tur.ar\/travel\/wp-content\/uploads\/2017\/05\/022-1030x682.jpg\"  title=\"022\" ><div class='aviaccordion-preview '><\/div><img loading=\"lazy\" decoding=\"async\" width=\"710\" height=\"375\" src=\"https:\/\/beltway.tur.ar\/travel\/wp-content\/uploads\/2017\/05\/022-710x375.jpg\" class=\"aviaccordion-image\" alt=\"\" \/><\/a><\/li><\/ul><div class='aviaccordion-spacer' style='padding-bottom:52.816901408451%'><\/div><\/div><\/div>\n\n<style type=\"text\/css\" data-created_by=\"avia_inline_auto\" id=\"style-css-av-m778ny-38b1bb2c79f53d3bda4795768c339541\">\n.flex_column.av-m778ny-38b1bb2c79f53d3bda4795768c339541{\nborder-radius:0px 0px 0px 0px;\npadding:0px 0px 0px 0px;\n}\n<\/style>\n<div  class='flex_column av-m778ny-38b1bb2c79f53d3bda4795768c339541 av_one_third  avia-builder-el-2  el_after_av_one_full  el_before_av_two_third  first flex_column_div av-zero-column-padding  column-top-margin'     ><div  class='av-catalogue-container av-l5uage-7a6dd7cf178cf4cb0fa3d25e070877e3  avia-builder-el-3  avia-builder-el-no-sibling '><ul class='av-catalogue-list'>\n<li><div class='av-catalogue-item av-jf8cha-3e54a213dde39bd1270795d583468dab' ><div class=\"av-catalogue-item-inner\"><div class=\"av-catalogue-title-container\"><div class='av-catalogue-title'>Temporada<\/div><div class='av-catalogue-price'><\/div><\/div><div class=\"av-catalogue-content\">\nDe Julio a Septiembre<br \/>\n<\/div><\/div><\/div><\/li>\n<li><div class='av-catalogue-item av-hgmza6-45960fbd3262929675cbd6d7fcf4596a' ><div class=\"av-catalogue-item-inner\"><div class=\"av-catalogue-title-container\"><div class='av-catalogue-title'>Duraci\u00f3n<\/div><div class='av-catalogue-price'><\/div><\/div><div class=\"av-catalogue-content\">\nMedio D\u00eda o D\u00eda Completo<br \/>\n<\/div><\/div><\/div><\/li>\n<li><div class='av-catalogue-item av-f97br2-f325b68771f37ec33766dc40bc0ddd87' ><div class=\"av-catalogue-item-inner\"><div class=\"av-catalogue-title-container\"><div class='av-catalogue-title'>Qu\u00e9 Llevar<\/div><div class='av-catalogue-price'><\/div><\/div><div class=\"av-catalogue-content\">\nRopa C\u00f3moda y Abrigada<br \/>\n<\/div><\/div><\/div><\/li>\n<li><div class='av-catalogue-item av-efsq6m-0ce9eb937aa8167ca79a142eb61f192f' ><div class=\"av-catalogue-item-inner\"><div class=\"av-catalogue-title-container\"><div class='av-catalogue-title'>Salidas<\/div><div class='av-catalogue-price'><\/div><\/div><div class=\"av-catalogue-content\">\nTodos los D\u00edas<br \/>\n<\/div><\/div><\/div><\/li>\n<\/ul><\/div><\/div>\n\n<style type=\"text\/css\" data-created_by=\"avia_inline_auto\" id=\"style-css-av-btddn2-9759129c628ac3e08b23d6f709c4e4da\">\n.flex_column.av-btddn2-9759129c628ac3e08b23d6f709c4e4da{\nborder-radius:0px 0px 0px 0px;\npadding:0px 0px 0px 0px;\n}\n<\/style>\n<div  class='flex_column av-btddn2-9759129c628ac3e08b23d6f709c4e4da av_two_third  avia-builder-el-4  el_after_av_one_third  el_before_av_two_fifth  flex_column_div av-zero-column-padding  column-top-margin'     ><section  class='av_textblock_section av-awfoge-7f875fb2a48902293c4287636c5218fe '   itemscope=\"itemscope\" itemtype=\"https:\/\/schema.org\/BlogPosting\" itemprop=\"blogPost\" ><div class='avia_textblock'  itemprop=\"text\" ><h2>Espacio Neumeyer<\/h2>\n<ul>\n<li>LAGUNA CONGELADA &amp; ALMUERZO<\/li>\n<\/ul>\n<p>Caminata a la laguna + almuerzo caliente + culipatin<\/p>\n<p>An\u00edmate a abrir huellas en la nieve y descubr\u00ed la \u00fanica laguna congelada accesible para toda la familia de Bariloche y divertirte haciendo culipatin en nuestras pistas.\u00a0<strong>Almuerzo:\u00a0<\/strong>Entrada: Sopa crema de calabaza.\u00a0Principal: Rag\u00fa de legumbres.\u00a0Postre: Mousse de lim\u00f3n y frutos rojos. (sin bebidas)<\/p>\n<ul>\n<li>VIVENCIAS EN LA NIEVE\u00a0 Raquetas &amp; Sabores Regionales<\/li>\n<\/ul>\n<p>Picada ahumada + caminata con raquetas + culipatin<\/p>\n<p>Una breve caminata por el bosque nevado, hasta llegar a un bello punto panor\u00e1mico con hermosas vistas y al regreso, una copa de vino, ahumados y quedo te esperan en un calido lugar para depedir la tarde.<\/p>\n<ul>\n<li>PASAPORTE AVENTURA BLANCA<\/li>\n<\/ul>\n<p>Traslado Hotel \u2013 Espacio Neumeyer \u2013 Hotel. Uso de Pistas y Deslizadores Pl\u00e1sticos durante 3 Horas.<\/p>\n<p>Una Tarde Divertida a Pura Nieve. Pistas de Culipat\u00edn. Caminata con Raquetas. Gastronom\u00eda Regional. Postales Blancas de Bariloche.<\/p>\n<\/div><\/section><\/div>\n\n<style type=\"text\/css\" data-created_by=\"avia_inline_auto\" id=\"style-css-av-9s3zni-bc76dadecbf9ca0013cf31fb80e5d096\">\n.flex_column.av-9s3zni-bc76dadecbf9ca0013cf31fb80e5d096{\nborder-radius:0px 0px 0px 0px;\npadding:0px 0px 0px 0px;\n}\n<\/style>\n<div  class='flex_column av-9s3zni-bc76dadecbf9ca0013cf31fb80e5d096 av_two_fifth  avia-builder-el-6  el_after_av_two_third  el_before_av_one_full  first flex_column_div av-zero-column-padding  column-top-margin'     ><div  class='avia-video av-7c871q-f383846f402c29a529868908d5e3ee9e avia-video-16-9 av-no-preview-image avia-video-load-always avia-video-html5'  itemprop=\"video\" itemtype=\"https:\/\/schema.org\/VideoObject\"  data-original_url='https:\/\/beltway.tur.ar\/travel\/wp-content\/uploads\/2018\/04\/chalhuaco.mp4'><video class='avia_video'    preload=\"auto\"  controls id='player_1006_1579017878_1135771574'><source src='https:\/\/beltway.tur.ar\/travel\/wp-content\/uploads\/2018\/04\/chalhuaco.mp4' type='video\/mp4' \/><\/video><\/div><\/div>\n<style type=\"text\/css\" data-created_by=\"avia_inline_auto\" id=\"style-css-av-5u4bla-6c39bdb6946173d6b7dcb4d426393796\">\n.flex_column.av-5u4bla-6c39bdb6946173d6b7dcb4d426393796{\nborder-radius:0px 0px 0px 0px;\npadding:0px 0px 0px 0px;\n}\n<\/style>\n<div  class='flex_column av-5u4bla-6c39bdb6946173d6b7dcb4d426393796 av_one_full  avia-builder-el-8  el_after_av_two_fifth  el_before_av_three_fifth  first flex_column_div av-zero-column-padding  '     ><div  class='av-social-sharing-box av-cpu9a-b4d6fda0024a1eb00e5a00f561581844 av-social-sharing-box-default  avia-builder-el-9  avia-builder-el-no-sibling  av-social-sharing-box-fullwidth'><div class=\"av-share-box\"><h5 class='av-share-link-description av-no-toc '>Compartir esta Excursi\u00f3n<\/h5><ul class=\"av-share-box-list noLightbox\"><li class='av-share-link av-social-link-facebook avia_social_iconfont' ><a target=\"_blank\" aria-label=\"Compartir en Facebook\" href='https:\/\/www.facebook.com\/sharer.php?u=https:\/\/beltway.tur.ar\/travel\/espacio-neumeyer\/&#038;t=Espacio%20Neumeyer%20%28VALLE%20DEL%20CHALHUACO%29' data-av_icon='\ue8f3' data-av_iconfont='entypo-fontello'  title='' data-avia-related-tooltip='Compartir en Facebook'><span class='avia_hidden_link_text'>Compartir en Facebook<\/span><\/a><\/li><li class='av-share-link av-social-link-twitter avia_social_iconfont' ><a target=\"_blank\" aria-label=\"Compartir en X\" href='https:\/\/twitter.com\/share?text=Espacio%20Neumeyer%20%28VALLE%20DEL%20CHALHUACO%29&#038;url=https:\/\/beltway.tur.ar\/travel\/?p=1006' data-av_icon='\ue932' data-av_iconfont='entypo-fontello'  title='' data-avia-related-tooltip='Compartir en X'><span class='avia_hidden_link_text'>Compartir en X<\/span><\/a><\/li><li class='av-share-link av-social-link-pinterest avia_social_iconfont' ><a target=\"_blank\" aria-label=\"Compartir en Pinterest\" href='https:\/\/pinterest.com\/pin\/create\/button\/?url=https%3A%2F%2Fbeltway.tur.ar%2Ftravel%2Fespacio-neumeyer%2F&#038;description=Espacio%20Neumeyer%20%28VALLE%20DEL%20CHALHUACO%29&#038;media=https%3A%2F%2Fbeltway.tur.ar%2Ftravel%2Fwp-content%2Fuploads%2F2017%2F05%2F022-705x467.jpg' data-av_icon='\ue8f8' data-av_iconfont='entypo-fontello'  title='' data-avia-related-tooltip='Compartir en Pinterest'><span class='avia_hidden_link_text'>Compartir en Pinterest<\/span><\/a><\/li><li class='av-share-link av-social-link-mail avia_social_iconfont' ><a  aria-label=\"Compartir por correo\" href='mailto:?subject=Espacio%20Neumeyer%20%28VALLE%20DEL%20CHALHUACO%29&#038;body=https:\/\/beltway.tur.ar\/travel\/espacio-neumeyer\/' data-av_icon='\ue805' data-av_iconfont='entypo-fontello'  title='' data-avia-related-tooltip='Compartir por correo'><span class='avia_hidden_link_text'>Compartir por correo<\/span><\/a><\/li><\/ul><\/div><\/div><\/div><\/p>\n\n<style type=\"text\/css\" data-created_by=\"avia_inline_auto\" id=\"style-css-av-27o18e-b5edfa1cc076363be0ce4c3b0182c8c0\">\n.flex_column.av-27o18e-b5edfa1cc076363be0ce4c3b0182c8c0{\nborder-radius:0px 0px 0px 0px;\npadding:0px 0px 0px 0px;\n}\n<\/style>\n<div  class='flex_column av-27o18e-b5edfa1cc076363be0ce4c3b0182c8c0 av_three_fifth  avia-builder-el-10  el_after_av_one_full  avia-builder-el-last  first flex_column_div av-zero-column-padding  column-top-margin'     ><\/div>\n","protected":false},"excerpt":{"rendered":"","protected":false},"author":4,"featured_media":1008,"comment_status":"open","ping_status":"open","sticky":false,"template":"","format":"standard","meta":{"footnotes":""},"categories":[75,1],"tags":[211,45,44,219,222,99,39,236,46,220],"class_list":["post-1006","post","type-post","status-publish","format-standard","has-post-thumbnail","hentry","category-excursiones-de-invierno","category-sin-categoria","tag-actividades-de-nieve","tag-caminata-con-raqutes","tag-culipatin","tag-espacio-neumeyer","tag-excursiones-en-bariloche","tag-invierno-bariloche","tag-nieve","tag-paseos-en-bariloche","tag-trekking","tag-valle-del-chalhuaco"],"_links":{"self":[{"href":"https:\/\/beltway.tur.ar\/travel\/wp-json\/wp\/v2\/posts\/1006","targetHints":{"allow":["GET"]}}],"collection":[{"href":"https:\/\/beltway.tur.ar\/travel\/wp-json\/wp\/v2\/posts"}],"about":[{"href":"https:\/\/beltway.tur.ar\/travel\/wp-json\/wp\/v2\/types\/post"}],"author":[{"embeddable":true,"href":"https:\/\/beltway.tur.ar\/travel\/wp-json\/wp\/v2\/users\/4"}],"replies":[{"embeddable":true,"href":"https:\/\/beltway.tur.ar\/travel\/wp-json\/wp\/v2\/comments?post=1006"}],"version-history":[{"count":14,"href":"https:\/\/beltway.tur.ar\/travel\/wp-json\/wp\/v2\/posts\/1006\/revisions"}],"predecessor-version":[{"id":26240,"href":"https:\/\/beltway.tur.ar\/travel\/wp-json\/wp\/v2\/posts\/1006\/revisions\/26240"}],"wp:featuredmedia":[{"embeddable":true,"href":"https:\/\/beltway.tur.ar\/travel\/wp-json\/wp\/v2\/media\/1008"}],"wp:attachment":[{"href":"https:\/\/beltway.tur.ar\/travel\/wp-json\/wp\/v2\/media?parent=1006"}],"wp:term":[{"taxonomy":"category","embeddable":true,"href":"https:\/\/beltway.tur.ar\/travel\/wp-json\/wp\/v2\/categories?post=1006"},{"taxonomy":"post_tag","embeddable":true,"href":"https:\/\/beltway.tur.ar\/travel\/wp-json\/wp\/v2\/tags?post=1006"}],"curies":[{"name":"wp","href":"https:\/\/api.w.org\/{rel}","templated":true}]}}