{"id":1017,"date":"2018-04-16T18:59:41","date_gmt":"2018-04-16T18:59:41","guid":{"rendered":"http:\/\/c0530437.ferozo.com\/beltway\/?p=1017"},"modified":"2025-05-09T21:14:46","modified_gmt":"2025-05-09T21:14:46","slug":"isla-victoria-y-bosque-de-arrayanes","status":"publish","type":"post","link":"https:\/\/beltway.tur.ar\/travel\/isla-victoria-y-bosque-de-arrayanes\/","title":{"rendered":"Isla Victoria y Bosque de Arrayanes (Turisur)"},"content":{"rendered":"\n<style type=\"text\/css\" data-created_by=\"avia_inline_auto\" id=\"style-css-av-z76lax-6ac992b12c126767b4ff383866ff9cb2\">\n.flex_column.av-z76lax-6ac992b12c126767b4ff383866ff9cb2{\nborder-radius:0px 0px 0px 0px;\npadding:0px 0px 0px 0px;\n}\n<\/style>\n<div  class='flex_column av-z76lax-6ac992b12c126767b4ff383866ff9cb2 av_one_full  avia-builder-el-0  el_before_av_one_third  avia-builder-el-first  first flex_column_div av-zero-column-padding  '     ><style type=\"text\/css\" data-created_by=\"avia_inline_auto\" id=\"style-css-av-ybq1p5-3dfdab1c3dbac069d2734346c96a83a7\">\n.avia-accordion.av-ybq1p5-3dfdab1c3dbac069d2734346c96a83a7{\nmax-height:375px;\n}\n.avia-accordion.av-ybq1p5-3dfdab1c3dbac069d2734346c96a83a7 .aviaccordion-preview{\nwidth:20.1%;\n}\n#top .avia-accordion.av-ybq1p5-3dfdab1c3dbac069d2734346c96a83a7 .aviaccordion-title{\nfont-size:10px;\n}\n.avia-accordion .aviaccordion-slide.av-ybq1p5-3dfdab1c3dbac069d2734346c96a83a7__0{\nleft:0%;\n}\n.avia-accordion .aviaccordion-slide.av-ybq1p5-3dfdab1c3dbac069d2734346c96a83a7__1{\nleft:20%;\n}\n.avia-accordion .aviaccordion-slide.av-ybq1p5-3dfdab1c3dbac069d2734346c96a83a7__2{\nleft:40%;\n}\n.avia-accordion .aviaccordion-slide.av-ybq1p5-3dfdab1c3dbac069d2734346c96a83a7__3{\nleft:60%;\n}\n.avia-accordion .aviaccordion-slide.av-ybq1p5-3dfdab1c3dbac069d2734346c96a83a7__4{\nleft:80%;\n}\n<\/style>\n<div  id=\"accordion_slider_1\"  class='aviaccordion avia-accordion av-ybq1p5-3dfdab1c3dbac069d2734346c96a83a7 aviaccordion-title-active av-slideshow-autoplay av-loop-endless ' data-slideshow-options=\"{&quot;interval&quot;:3,&quot;autoplay&quot;:true,&quot;loop_autoplay&quot;:&quot;endless&quot;}\"  itemscope=\"itemscope\" itemtype=\"https:\/\/schema.org\/Blog\" ><ul class=\"aviaccordion-inner\"><li class='aviaccordion-slide av-ybq1p5-3dfdab1c3dbac069d2734346c96a83a7__0 aviaccordion-slide-1' data-av-left='0'  itemscope=\"itemscope\" itemtype=\"https:\/\/schema.org\/BlogPosting\" itemprop=\"blogPost\" ><a class='aviaccordion-slide-link noHover' href=\"https:\/\/beltway.tur.ar\/travel\/wp-content\/uploads\/2024\/10\/foto-62_batcheditor_fotor-1030x687.jpg\"  title=\"foto-62_batcheditor_fotor\" ><div class='aviaccordion-preview '><\/div><img loading=\"lazy\" decoding=\"async\" width=\"710\" height=\"375\" src=\"https:\/\/beltway.tur.ar\/travel\/wp-content\/uploads\/2024\/10\/foto-62_batcheditor_fotor-710x375.jpg\" class=\"aviaccordion-image\" alt=\"\" \/><\/a><\/li><li class='aviaccordion-slide av-ybq1p5-3dfdab1c3dbac069d2734346c96a83a7__1 aviaccordion-slide-2' data-av-left='20'  itemscope=\"itemscope\" itemtype=\"https:\/\/schema.org\/BlogPosting\" itemprop=\"blogPost\" ><a class='aviaccordion-slide-link noHover' href=\"https:\/\/beltway.tur.ar\/travel\/wp-content\/uploads\/2024\/10\/foto-9_batcheditor_fotor-1030x687.jpg\"  title=\"foto-9_batcheditor_fotor\" ><div class='aviaccordion-preview '><\/div><img loading=\"lazy\" decoding=\"async\" width=\"710\" height=\"375\" src=\"https:\/\/beltway.tur.ar\/travel\/wp-content\/uploads\/2024\/10\/foto-9_batcheditor_fotor-710x375.jpg\" class=\"aviaccordion-image\" alt=\"\" \/><\/a><\/li><li class='aviaccordion-slide av-ybq1p5-3dfdab1c3dbac069d2734346c96a83a7__2 aviaccordion-slide-3' data-av-left='40'  itemscope=\"itemscope\" itemtype=\"https:\/\/schema.org\/BlogPosting\" itemprop=\"blogPost\" ><a class='aviaccordion-slide-link noHover' href=\"https:\/\/beltway.tur.ar\/travel\/wp-content\/uploads\/2024\/10\/foto-141_batcheditor_fotor-1030x687.jpg\"  title=\"Victoria Island at Lake Nahuel Huapi\" ><div class='aviaccordion-preview '><\/div><img loading=\"lazy\" decoding=\"async\" width=\"710\" height=\"375\" src=\"https:\/\/beltway.tur.ar\/travel\/wp-content\/uploads\/2024\/10\/foto-141_batcheditor_fotor-710x375.jpg\" class=\"aviaccordion-image\" alt=\"\" \/><\/a><\/li><li class='aviaccordion-slide av-ybq1p5-3dfdab1c3dbac069d2734346c96a83a7__3 aviaccordion-slide-4' data-av-left='60'  itemscope=\"itemscope\" itemtype=\"https:\/\/schema.org\/BlogPosting\" itemprop=\"blogPost\" ><a class='aviaccordion-slide-link noHover' href=\"https:\/\/beltway.tur.ar\/travel\/wp-content\/uploads\/2017\/05\/32569814-1030x773.jpg\"  title=\"32569814\" ><div class='aviaccordion-preview '><\/div><img loading=\"lazy\" decoding=\"async\" width=\"710\" height=\"375\" src=\"https:\/\/beltway.tur.ar\/travel\/wp-content\/uploads\/2017\/05\/32569814-710x375.jpg\" class=\"aviaccordion-image\" alt=\"\" \/><\/a><\/li><li class='aviaccordion-slide av-ybq1p5-3dfdab1c3dbac069d2734346c96a83a7__4 aviaccordion-slide-5' data-av-left='80'  itemscope=\"itemscope\" itemtype=\"https:\/\/schema.org\/BlogPosting\" itemprop=\"blogPost\" ><a class='aviaccordion-slide-link noHover' href=\"https:\/\/beltway.tur.ar\/travel\/wp-content\/uploads\/2024\/10\/foto-61_batcheditor_fotor-1030x687.jpg\"  title=\"foto-61_batcheditor_fotor\" ><div class='aviaccordion-preview '><\/div><img loading=\"lazy\" decoding=\"async\" width=\"710\" height=\"375\" src=\"https:\/\/beltway.tur.ar\/travel\/wp-content\/uploads\/2024\/10\/foto-61_batcheditor_fotor-710x375.jpg\" class=\"aviaccordion-image\" alt=\"\" \/><\/a><\/li><\/ul><div class='aviaccordion-spacer' style='padding-bottom:52.816901408451%'><\/div><\/div><\/div>\n\n<style type=\"text\/css\" data-created_by=\"avia_inline_auto\" id=\"style-css-av-nt8d09-7f6c23e1f36e48d4c6e926cd6692d055\">\n.flex_column.av-nt8d09-7f6c23e1f36e48d4c6e926cd6692d055{\nborder-radius:0px 0px 0px 0px;\npadding:0px 0px 0px 0px;\n}\n<\/style>\n<div  class='flex_column av-nt8d09-7f6c23e1f36e48d4c6e926cd6692d055 av_one_third  avia-builder-el-2  el_after_av_one_full  el_before_av_two_third  first flex_column_div av-zero-column-padding  column-top-margin'     ><div  class='av-catalogue-container av-mk8mtl-328f5172f09ec04b4c398d1416fc813e  avia-builder-el-3  avia-builder-el-no-sibling '><ul class='av-catalogue-list'>\n<li><div class='av-catalogue-item av-kep4zt-0a663a6e92a56df056c8367b94cc2565' ><div class=\"av-catalogue-item-inner\"><div class=\"av-catalogue-title-container\"><div class='av-catalogue-title'>Temporada<\/div><div class='av-catalogue-price'><\/div><\/div><div class=\"av-catalogue-content\">\nTodo el\u00a0A\u00f1o<br \/>\n<\/div><\/div><\/div><\/li>\n<li><div class='av-catalogue-item av-jc790p-c9d508797c6a3c2543af1700ac8a1789' ><div class=\"av-catalogue-item-inner\"><div class=\"av-catalogue-title-container\"><div class='av-catalogue-title'>Duraci\u00f3n<\/div><div class='av-catalogue-price'><\/div><\/div><div class=\"av-catalogue-content\">\nMedio D\u00eda o D\u00eda Completo<br \/>\n<\/div><\/div><\/div><\/li>\n<li><div class='av-catalogue-item av-h15pk9-a321559a1efdea5545b82b10d5225035' ><div class=\"av-catalogue-item-inner\"><div class=\"av-catalogue-title-container\"><div class='av-catalogue-title'>Adicional<\/div><div class='av-catalogue-price'><\/div><\/div><div class=\"av-catalogue-content\">\nIngreso a Parques Nacionales y Tasa de embarque.<br \/>\n<\/div><\/div><\/div><\/li>\n<li><div class='av-catalogue-item av-fpygq1-a8ecdac6b29f993646c9599ab9e7c7ad' ><div class=\"av-catalogue-item-inner\"><div class=\"av-catalogue-title-container\"><div class='av-catalogue-title'>Salidas<\/div><div class='av-catalogue-price'><\/div><\/div><div class=\"av-catalogue-content\">\n1\u00b0 10:30hs a 18.30hs \/<\/p>\n<p>2\u00b0 12:30hs a 18:30hs<br \/>\n<\/div><\/div><\/div><\/li>\n<\/ul><\/div><\/div>\n\n<style type=\"text\/css\" data-created_by=\"avia_inline_auto\" id=\"style-css-av-dspbmx-c9bbd80e41d55e6d33d01adf9db94a33\">\n.flex_column.av-dspbmx-c9bbd80e41d55e6d33d01adf9db94a33{\nborder-radius:0px 0px 0px 0px;\npadding:0px 0px 0px 0px;\n}\n<\/style>\n<div  class='flex_column av-dspbmx-c9bbd80e41d55e6d33d01adf9db94a33 av_two_third  avia-builder-el-4  el_after_av_one_third  el_before_av_two_fifth  flex_column_div av-zero-column-padding  column-top-margin'     ><section  class='av_textblock_section av-cmurix-34532c688e42903ab2cbe03393020736 '   itemscope=\"itemscope\" itemtype=\"https:\/\/schema.org\/BlogPosting\" itemprop=\"blogPost\" ><div class='avia_textblock'  itemprop=\"text\" ><h2>Isla Victoria y Bosque de Arrayanes<\/h2>\n<p>La visita a la Isla Victoria y al Bosque de Arrayanes es una de las excursiones m\u00e1s tradicionales de Bariloche. Una bell\u00edsima navegaci\u00f3n seguida de caminatas y las mejores vistas.<\/p>\n<p>Es una de las excursiones m\u00e1s importantes del Parque Nacional Nahuel Huapi. La salida se realiza desde Puerto Pa\u00f1uelo, ubicado a 25 kil\u00f3metros del centro de la ciudad. Luego de navegar 40 minutos y recorrer las coloridas aguas del Lago Nahuel Huapi se llega al Puerto Anchorena. Una vez en la Isla Victoria se comienza el recorrido, una caminata donde se podr\u00e1n observar diversos ejemplares de la flora de la isla y diversidad de aves. Tambi\u00e9n es posible visitar las pinturas rupestres, evidencias de la presencia de abor\u00edgenes. Media hora de navegaci\u00f3n nos lleva a la Pen\u00ednsula de Quetrihue, donde se encuentra el famoso Bosque de Arrayanes. Este es el lugar ideal para que estos \u00e1rboles crezcan, ya que necesitan de mucha agua.<\/p>\n<\/div><\/section><br \/>\n<div  class='hr av-10r3yh-0890920d85e2bd5eddbacedd6dcb3360 hr-default  avia-builder-el-6  el_after_av_textblock  avia-builder-el-last '><span class='hr-inner '><span class=\"hr-inner-style\"><\/span><\/span><\/div><\/p><\/div>\n\n<style type=\"text\/css\" data-created_by=\"avia_inline_auto\" id=\"style-css-av-8vo2wp-4eaf1ac51a6bc7e8e59256780ceada11\">\n.flex_column.av-8vo2wp-4eaf1ac51a6bc7e8e59256780ceada11{\nborder-radius:0px 0px 0px 0px;\npadding:0px 0px 0px 0px;\n}\n<\/style>\n<div  class='flex_column av-8vo2wp-4eaf1ac51a6bc7e8e59256780ceada11 av_two_fifth  avia-builder-el-7  el_after_av_two_third  el_before_av_one_full  first flex_column_div av-zero-column-padding  column-top-margin'     ><div  class='avia-video av-7jdebd-4ba27d108b0060d2b4f825eeffd2a1b3 avia-video-16-9 av-no-preview-image avia-video-load-always avia-video-html5'  itemprop=\"video\" itemtype=\"https:\/\/schema.org\/VideoObject\"  data-original_url='https:\/\/beltway.tur.ar\/travel\/wp-content\/uploads\/2018\/04\/arrayanes.mp4'><video class='avia_video'    preload=\"auto\"  controls id='player_1017_1681309269_1667039481'><source src='https:\/\/beltway.tur.ar\/travel\/wp-content\/uploads\/2018\/04\/arrayanes.mp4' type='video\/mp4' \/><\/video><\/div><\/div>\n<style type=\"text\/css\" data-created_by=\"avia_inline_auto\" id=\"style-css-av-55tu49-ba261c0ea2ca1f9bf58f075e6b92cc0a\">\n.flex_column.av-55tu49-ba261c0ea2ca1f9bf58f075e6b92cc0a{\nborder-radius:0px 0px 0px 0px;\npadding:0px 0px 0px 0px;\n}\n<\/style>\n<div  class='flex_column av-55tu49-ba261c0ea2ca1f9bf58f075e6b92cc0a av_one_full  avia-builder-el-9  el_after_av_two_fifth  el_before_av_three_fifth  first flex_column_div av-zero-column-padding  '     ><div  class='av-social-sharing-box av-4yapbd-f745e8679944ec22906ca943ac7dfa47 av-social-sharing-box-default  avia-builder-el-10  avia-builder-el-no-sibling  av-social-sharing-box-fullwidth'><div class=\"av-share-box\"><h5 class='av-share-link-description av-no-toc '>Compartir esta Excursi\u00f3n<\/h5><ul class=\"av-share-box-list noLightbox\"><li class='av-share-link av-social-link-facebook avia_social_iconfont' ><a target=\"_blank\" aria-label=\"Compartir en Facebook\" href='https:\/\/www.facebook.com\/sharer.php?u=https:\/\/beltway.tur.ar\/travel\/isla-victoria-y-bosque-de-arrayanes\/&#038;t=Isla%20Victoria%20y%20Bosque%20de%20Arrayanes%20%28Turisur%29' data-av_icon='\ue8f3' data-av_iconfont='entypo-fontello'  title='' data-avia-related-tooltip='Compartir en Facebook'><span class='avia_hidden_link_text'>Compartir en Facebook<\/span><\/a><\/li><li class='av-share-link av-social-link-twitter avia_social_iconfont' ><a target=\"_blank\" aria-label=\"Compartir en X\" href='https:\/\/twitter.com\/share?text=Isla%20Victoria%20y%20Bosque%20de%20Arrayanes%20%28Turisur%29&#038;url=https:\/\/beltway.tur.ar\/travel\/?p=1017' data-av_icon='\ue932' data-av_iconfont='entypo-fontello'  title='' data-avia-related-tooltip='Compartir en X'><span class='avia_hidden_link_text'>Compartir en X<\/span><\/a><\/li><li class='av-share-link av-social-link-pinterest avia_social_iconfont' ><a target=\"_blank\" aria-label=\"Compartir en Pinterest\" href='https:\/\/pinterest.com\/pin\/create\/button\/?url=https%3A%2F%2Fbeltway.tur.ar%2Ftravel%2Fisla-victoria-y-bosque-de-arrayanes%2F&#038;description=Isla%20Victoria%20y%20Bosque%20de%20Arrayanes%20%28Turisur%29&#038;media=https%3A%2F%2Fbeltway.tur.ar%2Ftravel%2Fwp-content%2Fuploads%2F2017%2F05%2F32569814-705x529.jpg' data-av_icon='\ue8f8' data-av_iconfont='entypo-fontello'  title='' data-avia-related-tooltip='Compartir en Pinterest'><span class='avia_hidden_link_text'>Compartir en Pinterest<\/span><\/a><\/li><li class='av-share-link av-social-link-mail avia_social_iconfont' ><a  aria-label=\"Compartir por correo\" href='mailto:?subject=Isla%20Victoria%20y%20Bosque%20de%20Arrayanes%20%28Turisur%29&#038;body=https:\/\/beltway.tur.ar\/travel\/isla-victoria-y-bosque-de-arrayanes\/' data-av_icon='\ue805' data-av_iconfont='entypo-fontello'  title='' data-avia-related-tooltip='Compartir por correo'><span class='avia_hidden_link_text'>Compartir por correo<\/span><\/a><\/li><\/ul><\/div><\/div><\/div><\/p>\n\n<style type=\"text\/css\" data-created_by=\"avia_inline_auto\" id=\"style-css-av-1yyw3d-8bd0517c9d2fc07d84c569454007276f\">\n.flex_column.av-1yyw3d-8bd0517c9d2fc07d84c569454007276f{\nborder-radius:0px 0px 0px 0px;\npadding:0px 0px 0px 0px;\n}\n<\/style>\n<div  class='flex_column av-1yyw3d-8bd0517c9d2fc07d84c569454007276f av_three_fifth  avia-builder-el-11  el_after_av_one_full  avia-builder-el-last  first flex_column_div av-zero-column-padding  column-top-margin'     ><\/div>\n","protected":false},"excerpt":{"rendered":"","protected":false},"author":4,"featured_media":1020,"comment_status":"open","ping_status":"open","sticky":false,"template":"","format":"standard","meta":{"footnotes":""},"categories":[73,1],"tags":[50,49,222,47,108,160,48,161,159,236],"class_list":["post-1017","post","type-post","status-publish","format-standard","has-post-thumbnail","hentry","category-excursiones-tradicionales","category-sin-categoria","tag-arrayanes","tag-bosque","tag-excursiones-en-bariloche","tag-isla-victoria","tag-lago-nahuel-huapi","tag-modesta-victoria","tag-navegacion","tag-navegacion-en-bariloche","tag-parque-nacional-los-arrayanes","tag-paseos-en-bariloche"],"_links":{"self":[{"href":"https:\/\/beltway.tur.ar\/travel\/wp-json\/wp\/v2\/posts\/1017","targetHints":{"allow":["GET"]}}],"collection":[{"href":"https:\/\/beltway.tur.ar\/travel\/wp-json\/wp\/v2\/posts"}],"about":[{"href":"https:\/\/beltway.tur.ar\/travel\/wp-json\/wp\/v2\/types\/post"}],"author":[{"embeddable":true,"href":"https:\/\/beltway.tur.ar\/travel\/wp-json\/wp\/v2\/users\/4"}],"replies":[{"embeddable":true,"href":"https:\/\/beltway.tur.ar\/travel\/wp-json\/wp\/v2\/comments?post=1017"}],"version-history":[{"count":18,"href":"https:\/\/beltway.tur.ar\/travel\/wp-json\/wp\/v2\/posts\/1017\/revisions"}],"predecessor-version":[{"id":26223,"href":"https:\/\/beltway.tur.ar\/travel\/wp-json\/wp\/v2\/posts\/1017\/revisions\/26223"}],"wp:featuredmedia":[{"embeddable":true,"href":"https:\/\/beltway.tur.ar\/travel\/wp-json\/wp\/v2\/media\/1020"}],"wp:attachment":[{"href":"https:\/\/beltway.tur.ar\/travel\/wp-json\/wp\/v2\/media?parent=1017"}],"wp:term":[{"taxonomy":"category","embeddable":true,"href":"https:\/\/beltway.tur.ar\/travel\/wp-json\/wp\/v2\/categories?post=1017"},{"taxonomy":"post_tag","embeddable":true,"href":"https:\/\/beltway.tur.ar\/travel\/wp-json\/wp\/v2\/tags?post=1017"}],"curies":[{"name":"wp","href":"https:\/\/api.w.org\/{rel}","templated":true}]}}