{"id":1046,"date":"2018-04-06T19:30:10","date_gmt":"2018-04-06T19:30:10","guid":{"rendered":"http:\/\/c0530437.ferozo.com\/beltway\/?p=1046"},"modified":"2025-05-09T21:43:57","modified_gmt":"2025-05-09T21:43:57","slug":"noche-nordica","status":"publish","type":"post","link":"https:\/\/beltway.tur.ar\/travel\/noche-nordica\/","title":{"rendered":"NOCHE NORDICA (Cena)"},"content":{"rendered":"\n<style type=\"text\/css\" data-created_by=\"avia_inline_auto\" id=\"style-css-av-z2hp2u-e14403ec4177042975f09f09539727ff\">\n.flex_column.av-z2hp2u-e14403ec4177042975f09f09539727ff{\nborder-radius:0px 0px 0px 0px;\npadding:0px 0px 0px 0px;\n}\n<\/style>\n<div  class='flex_column av-z2hp2u-e14403ec4177042975f09f09539727ff av_one_full  avia-builder-el-0  el_before_av_one_third  avia-builder-el-first  first flex_column_div av-zero-column-padding  '     ><style type=\"text\/css\" data-created_by=\"avia_inline_auto\" id=\"style-css-av-xcvbyu-6c0724b35843107934802b264c3bf6ad\">\n.avia-accordion.av-xcvbyu-6c0724b35843107934802b264c3bf6ad{\nmax-height:375px;\n}\n.avia-accordion.av-xcvbyu-6c0724b35843107934802b264c3bf6ad .aviaccordion-preview{\nwidth:17.1%;\n}\n#top .avia-accordion.av-xcvbyu-6c0724b35843107934802b264c3bf6ad .aviaccordion-title{\nfont-size:10px;\n}\n.avia-accordion .aviaccordion-slide.av-xcvbyu-6c0724b35843107934802b264c3bf6ad__0{\nleft:0%;\n}\n.avia-accordion .aviaccordion-slide.av-xcvbyu-6c0724b35843107934802b264c3bf6ad__1{\nleft:16.666666666667%;\n}\n.avia-accordion .aviaccordion-slide.av-xcvbyu-6c0724b35843107934802b264c3bf6ad__2{\nleft:33.333333333333%;\n}\n.avia-accordion .aviaccordion-slide.av-xcvbyu-6c0724b35843107934802b264c3bf6ad__3{\nleft:50%;\n}\n.avia-accordion .aviaccordion-slide.av-xcvbyu-6c0724b35843107934802b264c3bf6ad__4{\nleft:66.666666666667%;\n}\n.avia-accordion .aviaccordion-slide.av-xcvbyu-6c0724b35843107934802b264c3bf6ad__5{\nleft:83.333333333333%;\n}\n<\/style>\n<div  id=\"accordion_slider_1\"  class='aviaccordion avia-accordion av-xcvbyu-6c0724b35843107934802b264c3bf6ad aviaccordion-title-active av-slideshow-autoplay av-loop-endless ' data-slideshow-options=\"{&quot;interval&quot;:3,&quot;autoplay&quot;:true,&quot;loop_autoplay&quot;:&quot;endless&quot;}\"  itemscope=\"itemscope\" itemtype=\"https:\/\/schema.org\/Blog\" ><ul class=\"aviaccordion-inner\"><li class='aviaccordion-slide av-xcvbyu-6c0724b35843107934802b264c3bf6ad__0 aviaccordion-slide-1' data-av-left='0'  itemscope=\"itemscope\" itemtype=\"https:\/\/schema.org\/BlogPosting\" itemprop=\"blogPost\" ><a class='aviaccordion-slide-link noHover' href=\"https:\/\/beltway.tur.ar\/travel\/wp-content\/uploads\/2017\/05\/Noche-Nordica-13-1030x688.jpg\"  title=\"Noche Nordica 13\" ><div class='aviaccordion-preview '><\/div><img loading=\"lazy\" decoding=\"async\" width=\"710\" height=\"375\" src=\"https:\/\/beltway.tur.ar\/travel\/wp-content\/uploads\/2017\/05\/Noche-Nordica-13-710x375.jpg\" class=\"aviaccordion-image\" alt=\"\" \/><\/a><\/li><li class='aviaccordion-slide av-xcvbyu-6c0724b35843107934802b264c3bf6ad__1 aviaccordion-slide-2' data-av-left='16.666666666667'  itemscope=\"itemscope\" itemtype=\"https:\/\/schema.org\/BlogPosting\" itemprop=\"blogPost\" ><a class='aviaccordion-slide-link noHover' href=\"https:\/\/beltway.tur.ar\/travel\/wp-content\/uploads\/2017\/05\/Noche-Nordica-30-1030x687.jpg\"  title=\"Noche Nordica 30\" ><div class='aviaccordion-preview '><\/div><img loading=\"lazy\" decoding=\"async\" width=\"710\" height=\"375\" src=\"https:\/\/beltway.tur.ar\/travel\/wp-content\/uploads\/2017\/05\/Noche-Nordica-30-710x375.jpg\" class=\"aviaccordion-image\" alt=\"\" \/><\/a><\/li><li class='aviaccordion-slide av-xcvbyu-6c0724b35843107934802b264c3bf6ad__2 aviaccordion-slide-3' data-av-left='33.333333333333'  itemscope=\"itemscope\" itemtype=\"https:\/\/schema.org\/BlogPosting\" itemprop=\"blogPost\" ><a class='aviaccordion-slide-link noHover' href=\"https:\/\/beltway.tur.ar\/travel\/wp-content\/uploads\/2017\/05\/Noche-Nordica-6-1030x687.jpg\"  title=\"Noche Nordica 6\" ><div class='aviaccordion-preview '><\/div><img loading=\"lazy\" decoding=\"async\" width=\"710\" height=\"375\" src=\"https:\/\/beltway.tur.ar\/travel\/wp-content\/uploads\/2017\/05\/Noche-Nordica-6-710x375.jpg\" class=\"aviaccordion-image\" alt=\"\" \/><\/a><\/li><li class='aviaccordion-slide av-xcvbyu-6c0724b35843107934802b264c3bf6ad__3 aviaccordion-slide-4' data-av-left='50'  itemscope=\"itemscope\" itemtype=\"https:\/\/schema.org\/BlogPosting\" itemprop=\"blogPost\" ><a class='aviaccordion-slide-link noHover' href=\"https:\/\/beltway.tur.ar\/travel\/wp-content\/uploads\/2017\/05\/Noche-Nordica-9-1030x652.jpg\"  title=\"Noche Nordica 9\" ><div class='aviaccordion-preview '><\/div><img loading=\"lazy\" decoding=\"async\" width=\"710\" height=\"375\" src=\"https:\/\/beltway.tur.ar\/travel\/wp-content\/uploads\/2017\/05\/Noche-Nordica-9-710x375.jpg\" class=\"aviaccordion-image\" alt=\"\" \/><\/a><\/li><li class='aviaccordion-slide av-xcvbyu-6c0724b35843107934802b264c3bf6ad__4 aviaccordion-slide-5' data-av-left='66.666666666667'  itemscope=\"itemscope\" itemtype=\"https:\/\/schema.org\/BlogPosting\" itemprop=\"blogPost\" ><a class='aviaccordion-slide-link noHover' href=\"https:\/\/beltway.tur.ar\/travel\/wp-content\/uploads\/2017\/05\/Noche-Nordica-29-1030x688.jpg\"  title=\"Noche Nordica 29\" ><div class='aviaccordion-preview '><\/div><img loading=\"lazy\" decoding=\"async\" width=\"710\" height=\"375\" src=\"https:\/\/beltway.tur.ar\/travel\/wp-content\/uploads\/2017\/05\/Noche-Nordica-29-710x375.jpg\" class=\"aviaccordion-image\" alt=\"\" \/><\/a><\/li><li class='aviaccordion-slide av-xcvbyu-6c0724b35843107934802b264c3bf6ad__5 aviaccordion-slide-6' data-av-left='83.333333333333'  itemscope=\"itemscope\" itemtype=\"https:\/\/schema.org\/BlogPosting\" itemprop=\"blogPost\" ><a class='aviaccordion-slide-link noHover' href=\"https:\/\/beltway.tur.ar\/travel\/wp-content\/uploads\/2017\/05\/Noche-Nordica-8-1030x515.jpg\"  title=\"Noche Nordica 8\" ><div class='aviaccordion-preview '><\/div><img loading=\"lazy\" decoding=\"async\" width=\"710\" height=\"375\" src=\"https:\/\/beltway.tur.ar\/travel\/wp-content\/uploads\/2017\/05\/Noche-Nordica-8-710x375.jpg\" class=\"aviaccordion-image\" alt=\"\" \/><\/a><\/li><\/ul><div class='aviaccordion-spacer' style='padding-bottom:52.816901408451%'><\/div><\/div><\/div>\n\n<style type=\"text\/css\" data-created_by=\"avia_inline_auto\" id=\"style-css-av-m678ee-a5d8bc3b1d392184dcc25abdf9d7377d\">\n.flex_column.av-m678ee-a5d8bc3b1d392184dcc25abdf9d7377d{\nborder-radius:0px 0px 0px 0px;\npadding:0px 0px 0px 0px;\n}\n<\/style>\n<div  class='flex_column av-m678ee-a5d8bc3b1d392184dcc25abdf9d7377d av_one_third  avia-builder-el-2  el_after_av_one_full  el_before_av_two_third  first flex_column_div av-zero-column-padding  column-top-margin'     ><div  class='av-catalogue-container av-22b4ti-e8e6ebc9810a236e716c628491c225a8  avia-builder-el-3  avia-builder-el-no-sibling '><ul class='av-catalogue-list'>\n<li><div class='av-catalogue-item av-j6ta0m-997444bd16946e2363804ba0a65b7c54' ><div class=\"av-catalogue-item-inner\"><div class=\"av-catalogue-title-container\"><div class='av-catalogue-title'>Temporada<\/div><div class='av-catalogue-price'><\/div><\/div><div class=\"av-catalogue-content\">\nTemporada Invernal<br \/>\n<\/div><\/div><\/div><\/li>\n<li><div class='av-catalogue-item av-hf8m1i-bd2a8390c6f943110a57f2f0cd45a5ce' ><div class=\"av-catalogue-item-inner\"><div class=\"av-catalogue-title-container\"><div class='av-catalogue-title'> Duraci\u00f3n y Horarios<\/div><div class='av-catalogue-price'><\/div><\/div><div class=\"av-catalogue-content\">\nDuracion 3.30 Hs. Aproximadamente.<\/p>\n<ul>\n<li>19:00hs (hasta las 22:30hs)<\/li>\n<li>20:30hs (hasta las 00:00hs)<\/li>\n<li>22:00hs (hasta la 01:30hs)<\/li>\n<\/ul>\n<\/div><\/div><\/div><\/li>\n<li><div class='av-catalogue-item av-fyztpi-2ec9d5f4079883d0673622de48111750' ><div class=\"av-catalogue-item-inner\"><div class=\"av-catalogue-title-container\"><div class='av-catalogue-title'>Incluye<\/div><div class='av-catalogue-price'><\/div><\/div><div class=\"av-catalogue-content\">\nTransporte al complejo , Cena con bebidas y postre<br \/>\n<\/div><\/div><\/div><\/li>\n<\/ul><\/div><\/div>\n\n<style type=\"text\/css\" data-created_by=\"avia_inline_auto\" id=\"style-css-av-emjcs6-929bd2b8f6a78316153d5c4852b29090\">\n.flex_column.av-emjcs6-929bd2b8f6a78316153d5c4852b29090{\nborder-radius:0px 0px 0px 0px;\npadding:0px 0px 0px 0px;\n}\n<\/style>\n<div  class='flex_column av-emjcs6-929bd2b8f6a78316153d5c4852b29090 av_two_third  avia-builder-el-4  el_after_av_one_third  el_before_av_two_fifth  flex_column_div av-zero-column-padding  column-top-margin'     ><section  class='av_textblock_section av-bw8h3a-99117e7692136b96200cce0254dbfda9 '   itemscope=\"itemscope\" itemtype=\"https:\/\/schema.org\/BlogPosting\" itemprop=\"blogPost\" ><div class='avia_textblock'  itemprop=\"text\" ><h2>Noche Nordica (Cerro Otto)<\/h2>\n<p>Pasaremos a buscar a los pasajeros por sus alojamientos y comenzaremos a ascender por la monta\u00f1a. En un punto los estar\u00e1n esperando, para comenzar la traves\u00eda en Cuatriciclos con orugas biplaza 4&#215;4, Los gu\u00edas recibir\u00e1n a los pasajeros y luego de una charla explicativa sobre el manejo, comenzar\u00e1n el recorrido, el mismo transcurre por un bosque frondoso de lengas. Despu\u00e9s de transitar dos kil\u00f3metros aproximadamente arribar\u00e1n a un mirador donde se puede observar la ciudad de Bariloche iluminada de noche, all\u00ed con un gran fog\u00f3n para recuperar temperatura degustar\u00e1n de un buen vino caliente. Contin\u00faa luego el recorrido dos kil\u00f3metros mas para llegar a nuestro c\u00e1lido refugio de monta\u00f1a, en donde se los recibir\u00e1n con todos los sabores patag\u00f3nicos, finalizada la cena regresan con las camionetas a sus respectivos hoteles.<\/p>\n<h2>Detalle del desarrollo gastron\u00f3mico<\/h2>\n<p>BIENVENIDA CALIENTE<\/p>\n<p>Al ingresar al refugio les daremos la bienvenida con una sopa de calabaza casera para sobrellevar el fr\u00edo y entrar en temperatura.<\/p>\n<h4>PRIMER PASO<\/h4>\n<p>Trucha ahumada, ciervo y jabal\u00ed ahumados acompa\u00f1ados de salsa t\u00e1rtara y nuestros pepinillos agridulces.<\/p>\n<h4>SEGUNDO PASO<\/h4>\n<p>Queso ahumado, quesos especiados, salame de ciervo ahumado y un mix de frutos secos salados.<\/p>\n<h4>TERCER PASO<\/h4>\n<p>Empanaditas de ciervo y humita, focaccia crocante rellena de tomates deshidratados, olivas negras y nueces con aceite de r\u00facula fresca y queso brie. Tambi\u00e9n podr\u00e1 acompa\u00f1ar todas\u00a0 estas especialidades con nuestra panader\u00eda casera.<\/p>\n<h4>PLATO PRINCIPAL<\/h4>\n<p>Fondue de quesos gruyere, fontina, reggianito y gouda. Elaborada con vino \u201cDel Fin del Mundo\u201d Ingredientes: crutones, tomates cherry, manzana verde, champi\u00f1ones salteados, salchichas ahumadas, jam\u00f3n salteado y papas horneadas.<\/p>\n<h4>POSTRE<\/h4>\n<p>Marquisse de chocolate con una mousse de dulce de leche sobre coulis de frutos rojos patag\u00f3nicos.<\/p>\n<h4>CIERRE DE CENA<\/h4>\n<p>Finaliza la velada brindando con espumante Extra Brut Del Fin del Mundo (Pinot Noir \u2013 Chardonnay). Tambi\u00e9n ofrecemos bombones de chocolate Mamuschka.<\/p>\n<h4>BEBIDAS<\/h4>\n<p>Contamos con vinos Gran Reserva de Bodegas Del Fin del Mundo en sus variedades Malbec y Chardonnay, gaseosas, agua mineral AlunCo l\u00ednea \u201cBoutique\u201d, y aguas saborizadas. En el caso del vino se estipula una botella cada dos personas aproximadamente.<\/p>\n<\/div><\/section><br \/>\n<div  class='hr av-asz5gm-7e54bdf8a359519d5aec23fc88d81e42 hr-default  avia-builder-el-6  el_after_av_textblock  avia-builder-el-last '><span class='hr-inner '><span class=\"hr-inner-style\"><\/span><\/span><\/div><\/p><\/div>\n\n<style type=\"text\/css\" data-created_by=\"avia_inline_auto\" id=\"style-css-av-8hn3x2-7054a5a569adba230bb9ce4f6df248d7\">\n.flex_column.av-8hn3x2-7054a5a569adba230bb9ce4f6df248d7{\nborder-radius:0px 0px 0px 0px;\npadding:0px 0px 0px 0px;\n}\n<\/style>\n<div  class='flex_column av-8hn3x2-7054a5a569adba230bb9ce4f6df248d7 av_two_fifth  avia-builder-el-7  el_after_av_two_third  el_before_av_one_full  first flex_column_div av-zero-column-padding  column-top-margin'     ><div  class='avia-video av-6wna6e-3dbd2520138271fb476d159a5457b433 avia-video-16-9 av-no-preview-image avia-video-load-always avia-video-html5'  itemprop=\"video\" itemtype=\"https:\/\/schema.org\/VideoObject\"  data-original_url='https:\/\/beltway.tur.ar\/travel\/wp-content\/uploads\/2018\/04\/noche-nordica.mp4'><video class='avia_video'    preload=\"auto\"  controls id='player_1046_1061889504_1130263280'><source src='https:\/\/beltway.tur.ar\/travel\/wp-content\/uploads\/2018\/04\/noche-nordica.mp4' type='video\/mp4' \/><\/video><\/div><\/div>\n<style type=\"text\/css\" data-created_by=\"avia_inline_auto\" id=\"style-css-av-66os7a-c601e28bfd09dc837c543816c3d51977\">\n.flex_column.av-66os7a-c601e28bfd09dc837c543816c3d51977{\nborder-radius:0px 0px 0px 0px;\npadding:0px 0px 0px 0px;\n}\n<\/style>\n<div  class='flex_column av-66os7a-c601e28bfd09dc837c543816c3d51977 av_one_full  avia-builder-el-9  el_after_av_two_fifth  el_before_av_three_fifth  first flex_column_div av-zero-column-padding  '     ><div  class='av-social-sharing-box av-4lcixi-1561fde2e1f1db214c252c25023ec329 av-social-sharing-box-default  avia-builder-el-10  avia-builder-el-no-sibling  av-social-sharing-box-fullwidth'><div class=\"av-share-box\"><h5 class='av-share-link-description av-no-toc '>Compartir esta Excursi\u00f3n<\/h5><ul class=\"av-share-box-list noLightbox\"><li class='av-share-link av-social-link-facebook avia_social_iconfont' ><a target=\"_blank\" aria-label=\"Compartir en Facebook\" href='https:\/\/www.facebook.com\/sharer.php?u=https:\/\/beltway.tur.ar\/travel\/noche-nordica\/&#038;t=NOCHE%20NORDICA%20%28Cena%29' data-av_icon='\ue8f3' data-av_iconfont='entypo-fontello'  title='' data-avia-related-tooltip='Compartir en Facebook'><span class='avia_hidden_link_text'>Compartir en Facebook<\/span><\/a><\/li><li class='av-share-link av-social-link-twitter avia_social_iconfont' ><a target=\"_blank\" aria-label=\"Compartir en X\" href='https:\/\/twitter.com\/share?text=NOCHE%20NORDICA%20%28Cena%29&#038;url=https:\/\/beltway.tur.ar\/travel\/?p=1046' data-av_icon='\ue932' data-av_iconfont='entypo-fontello'  title='' data-avia-related-tooltip='Compartir en X'><span class='avia_hidden_link_text'>Compartir en X<\/span><\/a><\/li><li class='av-share-link av-social-link-pinterest avia_social_iconfont' ><a target=\"_blank\" aria-label=\"Compartir en Pinterest\" href='https:\/\/pinterest.com\/pin\/create\/button\/?url=https%3A%2F%2Fbeltway.tur.ar%2Ftravel%2Fnoche-nordica%2F&#038;description=NOCHE%20NORDICA%20%28Cena%29&#038;media=https%3A%2F%2Fbeltway.tur.ar%2Ftravel%2Fwp-content%2Fuploads%2F2017%2F05%2FNoche-Nordica-6-705x470.jpg' data-av_icon='\ue8f8' data-av_iconfont='entypo-fontello'  title='' data-avia-related-tooltip='Compartir en Pinterest'><span class='avia_hidden_link_text'>Compartir en Pinterest<\/span><\/a><\/li><li class='av-share-link av-social-link-mail avia_social_iconfont' ><a  aria-label=\"Compartir por correo\" href='mailto:?subject=NOCHE%20NORDICA%20%28Cena%29&#038;body=https:\/\/beltway.tur.ar\/travel\/noche-nordica\/' data-av_icon='\ue805' data-av_iconfont='entypo-fontello'  title='' data-avia-related-tooltip='Compartir por correo'><span class='avia_hidden_link_text'>Compartir por correo<\/span><\/a><\/li><\/ul><\/div><\/div><\/div><\/p>\n\n<style type=\"text\/css\" data-created_by=\"avia_inline_auto\" id=\"style-css-av-2zq706-0e976c9ad290d312ff3d7adb3700ea77\">\n.flex_column.av-2zq706-0e976c9ad290d312ff3d7adb3700ea77{\nborder-radius:0px 0px 0px 0px;\npadding:0px 0px 0px 0px;\n}\n<\/style>\n<div  class='flex_column av-2zq706-0e976c9ad290d312ff3d7adb3700ea77 av_three_fifth  avia-builder-el-11  el_after_av_one_full  avia-builder-el-last  first flex_column_div av-zero-column-padding  column-top-margin'     ><\/div>\n","protected":false},"excerpt":{"rendered":"","protected":false},"author":4,"featured_media":1049,"comment_status":"open","ping_status":"open","sticky":false,"template":"","format":"standard","meta":{"footnotes":""},"categories":[75,1],"tags":[211,92,94,222,95,93,236,64],"class_list":["post-1046","post","type-post","status-publish","format-standard","has-post-thumbnail","hentry","category-excursiones-de-invierno","category-sin-categoria","tag-actividades-de-nieve","tag-cena","tag-cuatriciclos","tag-excursiones-en-bariloche","tag-fondue","tag-noche-nordica","tag-paseos-en-bariloche","tag-restaurant"],"_links":{"self":[{"href":"https:\/\/beltway.tur.ar\/travel\/wp-json\/wp\/v2\/posts\/1046","targetHints":{"allow":["GET"]}}],"collection":[{"href":"https:\/\/beltway.tur.ar\/travel\/wp-json\/wp\/v2\/posts"}],"about":[{"href":"https:\/\/beltway.tur.ar\/travel\/wp-json\/wp\/v2\/types\/post"}],"author":[{"embeddable":true,"href":"https:\/\/beltway.tur.ar\/travel\/wp-json\/wp\/v2\/users\/4"}],"replies":[{"embeddable":true,"href":"https:\/\/beltway.tur.ar\/travel\/wp-json\/wp\/v2\/comments?post=1046"}],"version-history":[{"count":12,"href":"https:\/\/beltway.tur.ar\/travel\/wp-json\/wp\/v2\/posts\/1046\/revisions"}],"predecessor-version":[{"id":26242,"href":"https:\/\/beltway.tur.ar\/travel\/wp-json\/wp\/v2\/posts\/1046\/revisions\/26242"}],"wp:featuredmedia":[{"embeddable":true,"href":"https:\/\/beltway.tur.ar\/travel\/wp-json\/wp\/v2\/media\/1049"}],"wp:attachment":[{"href":"https:\/\/beltway.tur.ar\/travel\/wp-json\/wp\/v2\/media?parent=1046"}],"wp:term":[{"taxonomy":"category","embeddable":true,"href":"https:\/\/beltway.tur.ar\/travel\/wp-json\/wp\/v2\/categories?post=1046"},{"taxonomy":"post_tag","embeddable":true,"href":"https:\/\/beltway.tur.ar\/travel\/wp-json\/wp\/v2\/tags?post=1046"}],"curies":[{"name":"wp","href":"https:\/\/api.w.org\/{rel}","templated":true}]}}