{"id":1103,"date":"2018-04-07T21:36:26","date_gmt":"2018-04-07T21:36:26","guid":{"rendered":"http:\/\/c0530437.ferozo.com\/beltway\/?p=1103"},"modified":"2025-05-09T21:43:48","modified_gmt":"2025-05-09T21:43:48","slug":"refugio-arelauquen","status":"publish","type":"post","link":"https:\/\/beltway.tur.ar\/travel\/refugio-arelauquen\/","title":{"rendered":"Refugio Arelauquen (cena)"},"content":{"rendered":"\n<style type=\"text\/css\" data-created_by=\"avia_inline_auto\" id=\"style-css-av-138g59b-8bfb80b6781583f3c2142f4eb2b9ff03\">\n.flex_column.av-138g59b-8bfb80b6781583f3c2142f4eb2b9ff03{\nborder-radius:0px 0px 0px 0px;\npadding:0px 0px 0px 0px;\n}\n<\/style>\n<div  class='flex_column av-138g59b-8bfb80b6781583f3c2142f4eb2b9ff03 av_one_full  avia-builder-el-0  el_before_av_one_third  avia-builder-el-first  first flex_column_div av-zero-column-padding  '     ><style type=\"text\/css\" data-created_by=\"avia_inline_auto\" id=\"style-css-av-11hap4f-bbbdc2c962dc0654dc5b996a9b9f5905\">\n.avia-accordion.av-11hap4f-bbbdc2c962dc0654dc5b996a9b9f5905{\nmax-height:423px;\n}\n.avia-accordion.av-11hap4f-bbbdc2c962dc0654dc5b996a9b9f5905 .aviaccordion-preview{\nwidth:17.1%;\n}\n#top .avia-accordion.av-11hap4f-bbbdc2c962dc0654dc5b996a9b9f5905 .aviaccordion-title{\nfont-size:10px;\n}\n.avia-accordion .aviaccordion-slide.av-11hap4f-bbbdc2c962dc0654dc5b996a9b9f5905__0{\nleft:0%;\n}\n.avia-accordion .aviaccordion-slide.av-11hap4f-bbbdc2c962dc0654dc5b996a9b9f5905__1{\nleft:16.666666666667%;\n}\n.avia-accordion .aviaccordion-slide.av-11hap4f-bbbdc2c962dc0654dc5b996a9b9f5905__2{\nleft:33.333333333333%;\n}\n.avia-accordion .aviaccordion-slide.av-11hap4f-bbbdc2c962dc0654dc5b996a9b9f5905__3{\nleft:50%;\n}\n.avia-accordion .aviaccordion-slide.av-11hap4f-bbbdc2c962dc0654dc5b996a9b9f5905__4{\nleft:66.666666666667%;\n}\n.avia-accordion .aviaccordion-slide.av-11hap4f-bbbdc2c962dc0654dc5b996a9b9f5905__5{\nleft:83.333333333333%;\n}\n<\/style>\n<div  id=\"accordion_slider_1\"  class='aviaccordion avia-accordion av-11hap4f-bbbdc2c962dc0654dc5b996a9b9f5905 aviaccordion-title-active av-slideshow-autoplay av-loop-endless ' data-slideshow-options=\"{&quot;interval&quot;:5,&quot;autoplay&quot;:true,&quot;loop_autoplay&quot;:&quot;endless&quot;}\"  itemscope=\"itemscope\" itemtype=\"https:\/\/schema.org\/Blog\" ><ul class=\"aviaccordion-inner\"><li class='aviaccordion-slide av-11hap4f-bbbdc2c962dc0654dc5b996a9b9f5905__0 aviaccordion-slide-1' data-av-left='0'  itemscope=\"itemscope\" itemtype=\"https:\/\/schema.org\/BlogPosting\" itemprop=\"blogPost\" ><a class='aviaccordion-slide-link noHover' href=\"https:\/\/beltway.tur.ar\/travel\/wp-content\/uploads\/2017\/05\/MOTOS_REFUGIO1-1030x685.jpg\"  title=\"MOTOS_REFUGIO1\" ><div class='aviaccordion-preview '><\/div><img loading=\"lazy\" decoding=\"async\" width=\"1210\" height=\"423\" src=\"https:\/\/beltway.tur.ar\/travel\/wp-content\/uploads\/2017\/05\/MOTOS_REFUGIO1-1210x423.jpg\" class=\"aviaccordion-image\" alt=\"\" \/><\/a><\/li><li class='aviaccordion-slide av-11hap4f-bbbdc2c962dc0654dc5b996a9b9f5905__1 aviaccordion-slide-2' data-av-left='16.666666666667'  itemscope=\"itemscope\" itemtype=\"https:\/\/schema.org\/BlogPosting\" itemprop=\"blogPost\" ><a class='aviaccordion-slide-link noHover' href=\"https:\/\/beltway.tur.ar\/travel\/wp-content\/uploads\/2017\/05\/MOTOS_REFUGIO3-e1527861086502-1030x647.jpg\"  title=\"MOTOS_REFUGIO3\" ><div class='aviaccordion-preview '><\/div><img loading=\"lazy\" decoding=\"async\" width=\"1210\" height=\"423\" src=\"https:\/\/beltway.tur.ar\/travel\/wp-content\/uploads\/2017\/05\/MOTOS_REFUGIO3-e1527861086502-1210x423.jpg\" class=\"aviaccordion-image\" alt=\"\" \/><\/a><\/li><li class='aviaccordion-slide av-11hap4f-bbbdc2c962dc0654dc5b996a9b9f5905__2 aviaccordion-slide-3' data-av-left='33.333333333333'  itemscope=\"itemscope\" itemtype=\"https:\/\/schema.org\/BlogPosting\" itemprop=\"blogPost\" ><a class='aviaccordion-slide-link noHover' href=\"https:\/\/beltway.tur.ar\/travel\/wp-content\/uploads\/2017\/05\/MOTOS_REFUGIO8-1030x687.jpg\"  title=\"MOTOS_REFUGIO8\" ><div class='aviaccordion-preview '><\/div><img loading=\"lazy\" decoding=\"async\" width=\"1210\" height=\"423\" src=\"https:\/\/beltway.tur.ar\/travel\/wp-content\/uploads\/2017\/05\/MOTOS_REFUGIO8-1210x423.jpg\" class=\"aviaccordion-image\" alt=\"\" \/><\/a><\/li><li class='aviaccordion-slide av-11hap4f-bbbdc2c962dc0654dc5b996a9b9f5905__3 aviaccordion-slide-4' data-av-left='50'  itemscope=\"itemscope\" itemtype=\"https:\/\/schema.org\/BlogPosting\" itemprop=\"blogPost\" ><a class='aviaccordion-slide-link noHover' href=\"https:\/\/beltway.tur.ar\/travel\/wp-content\/uploads\/2017\/05\/INTERIOR_REFUGIO7-1030x687.jpg\"  title=\"INTERIOR_REFUGIO7\" ><div class='aviaccordion-preview '><\/div><img loading=\"lazy\" decoding=\"async\" width=\"1210\" height=\"423\" src=\"https:\/\/beltway.tur.ar\/travel\/wp-content\/uploads\/2017\/05\/INTERIOR_REFUGIO7-1210x423.jpg\" class=\"aviaccordion-image\" alt=\"\" \/><\/a><\/li><li class='aviaccordion-slide av-11hap4f-bbbdc2c962dc0654dc5b996a9b9f5905__4 aviaccordion-slide-5' data-av-left='66.666666666667'  itemscope=\"itemscope\" itemtype=\"https:\/\/schema.org\/BlogPosting\" itemprop=\"blogPost\" ><a class='aviaccordion-slide-link noHover' href=\"https:\/\/beltway.tur.ar\/travel\/wp-content\/uploads\/2017\/05\/INTERIOR_REFUGIO6-1030x687.jpg\"  title=\"INTERIOR_REFUGIO6\" ><div class='aviaccordion-preview '><\/div><img loading=\"lazy\" decoding=\"async\" width=\"1210\" height=\"423\" src=\"https:\/\/beltway.tur.ar\/travel\/wp-content\/uploads\/2017\/05\/INTERIOR_REFUGIO6-1210x423.jpg\" class=\"aviaccordion-image\" alt=\"\" \/><\/a><\/li><li class='aviaccordion-slide av-11hap4f-bbbdc2c962dc0654dc5b996a9b9f5905__5 aviaccordion-slide-6' data-av-left='83.333333333333'  itemscope=\"itemscope\" itemtype=\"https:\/\/schema.org\/BlogPosting\" itemprop=\"blogPost\" ><a class='aviaccordion-slide-link noHover' href=\"https:\/\/beltway.tur.ar\/travel\/wp-content\/uploads\/2017\/05\/INTERIOR_REFUGIO5-1030x687.jpg\"  title=\"INTERIOR_REFUGIO5\" ><div class='aviaccordion-preview '><\/div><img loading=\"lazy\" decoding=\"async\" width=\"1210\" height=\"423\" src=\"https:\/\/beltway.tur.ar\/travel\/wp-content\/uploads\/2017\/05\/INTERIOR_REFUGIO5-1210x423.jpg\" class=\"aviaccordion-image\" alt=\"\" \/><\/a><\/li><\/ul><div class='aviaccordion-spacer' style='padding-bottom:34.95867768595%'><\/div><\/div><\/div>\n\n<style type=\"text\/css\" data-created_by=\"avia_inline_auto\" id=\"style-css-av-p4ywcv-306dc6c3a50a9246550d56b6fefa5f68\">\n.flex_column.av-p4ywcv-306dc6c3a50a9246550d56b6fefa5f68{\nborder-radius:0px 0px 0px 0px;\npadding:0px 0px 0px 0px;\n}\n<\/style>\n<div  class='flex_column av-p4ywcv-306dc6c3a50a9246550d56b6fefa5f68 av_one_third  avia-builder-el-2  el_after_av_one_full  el_before_av_two_third  first flex_column_div av-zero-column-padding  column-top-margin'     ><div  class='av-catalogue-container av-odolpb-ef1d72f4f1d0b68ab9483b6471518dd5  avia-builder-el-3  avia-builder-el-no-sibling '><ul class='av-catalogue-list'>\n<li><div class='av-catalogue-item av-mzkz5b-ef055ff1b91911c879c45ea40797860c' ><div class=\"av-catalogue-item-inner\"><div class=\"av-catalogue-title-container\"><div class='av-catalogue-title'>Temporada<\/div><div class='av-catalogue-price'><\/div><\/div><div class=\"av-catalogue-content\">\nDe Julio a Septiembre<br \/>\n<\/div><\/div><\/div><\/li>\n<li><div class='av-catalogue-item av-l4as2n-51396a0fc2651a7ce1f94ef169a60750' ><div class=\"av-catalogue-item-inner\"><div class=\"av-catalogue-title-container\"><div class='av-catalogue-title'>turnos<\/div><div class='av-catalogue-price'><\/div><\/div><div class=\"av-catalogue-content\">\nTurnos 17:30hs ; 19:15hs y 20:15hs<br \/>\n<\/div><\/div><\/div><\/li>\n<li><div class='av-catalogue-item av-iiqq2n-0d40ee97cde74521c6420e6d9fc10cb3' ><div class=\"av-catalogue-item-inner\"><div class=\"av-catalogue-title-container\"><div class='av-catalogue-title'>Qu\u00e9 Llevar<\/div><div class='av-catalogue-price'><\/div><\/div><div class=\"av-catalogue-content\">\nRopa abrigada e\u00a0impermeable.<br \/>\n<\/div><\/div><\/div><\/li>\n<li><div class='av-catalogue-item av-hb0v4f-57debce9b5bef81278f33bbca9e0173f' ><div class=\"av-catalogue-item-inner\"><div class=\"av-catalogue-title-container\"><div class='av-catalogue-title'>Salidas<\/div><div class='av-catalogue-price'><\/div><\/div><div class=\"av-catalogue-content\">\nTodos los D\u00edas<br \/>\n<\/div><\/div><\/div><\/li>\n<\/ul><\/div><\/div>\n\n<style type=\"text\/css\" data-created_by=\"avia_inline_auto\" id=\"style-css-av-g53qf3-c080b9b58b8dba919f12e66178b8888d\">\n.flex_column.av-g53qf3-c080b9b58b8dba919f12e66178b8888d{\nborder-radius:0px 0px 0px 0px;\npadding:0px 0px 0px 0px;\n}\n<\/style>\n<div  class='flex_column av-g53qf3-c080b9b58b8dba919f12e66178b8888d av_two_third  avia-builder-el-4  el_after_av_one_third  el_before_av_two_fifth  flex_column_div av-zero-column-padding  column-top-margin'     ><section  class='av_textblock_section av-e17lxr-dbc67966a2264c6e83690ae1484c7234 '   itemscope=\"itemscope\" itemtype=\"https:\/\/schema.org\/BlogPosting\" itemprop=\"blogPost\" ><div class='avia_textblock'  itemprop=\"text\" ><h2>Refugio Arelauquen (cena)<\/h2>\n<p>Un restaurante de monta\u00f1a enclavado a 1.300 m. de altura, al que s\u00f3lo se accede luego de una inolvidable traves\u00eda en moto de nieve en invierno. En el marco de un ambiente c\u00e1lido, junto al fuego de la chimenea, El Refugio sorprende con una exquisita fondue de queso y chocolate. Un amplio deck de madera deleita con incre\u00edbles vistas de los lagos Nahuel Huapi, Guti\u00e9rrez y Moreno, la cordillera y el m\u00e1s bello paisaje patag\u00f3nico.<\/p>\n<\/div><\/section><br \/>\n<div  class='hr av-19j1hb-a56d0fd744c88274ec63c443dbece676 hr-default  avia-builder-el-6  el_after_av_textblock  avia-builder-el-last '><span class='hr-inner '><span class=\"hr-inner-style\"><\/span><\/span><\/div><\/p><\/div>\n\n<style type=\"text\/css\" data-created_by=\"avia_inline_auto\" id=\"style-css-av-aiha3z-5a5cd07d5e3afa87ef6d738f353b7d04\">\n.flex_column.av-aiha3z-5a5cd07d5e3afa87ef6d738f353b7d04{\nborder-radius:0px 0px 0px 0px;\npadding:0px 0px 0px 0px;\n}\n<\/style>\n<div  class='flex_column av-aiha3z-5a5cd07d5e3afa87ef6d738f353b7d04 av_two_fifth  avia-builder-el-7  el_after_av_two_third  el_before_av_one_full  first flex_column_div av-zero-column-padding  column-top-margin'     ><div  class='avia-video av-9059fz-0f79db943b131651a37337ac3787f632 avia-video-16-9 av-no-preview-image avia-video-load-always avia-video-html5'  itemprop=\"video\" itemtype=\"https:\/\/schema.org\/VideoObject\"  data-original_url='https:\/\/beltway.tur.ar\/travel\/wp-content\/uploads\/2018\/04\/enero-31-2018.mp4'><video class='avia_video'    preload=\"auto\"  controls id='player_1103_946445238_819930623'><source src='https:\/\/beltway.tur.ar\/travel\/wp-content\/uploads\/2018\/04\/enero-31-2018.mp4' type='video\/mp4' \/><\/video><\/div><\/div>\n<style type=\"text\/css\" data-created_by=\"avia_inline_auto\" id=\"style-css-av-82vk5r-4677dae3309169cfcbb044177c09f505\">\n.flex_column.av-82vk5r-4677dae3309169cfcbb044177c09f505{\nborder-radius:0px 0px 0px 0px;\npadding:0px 0px 0px 0px;\n}\n<\/style>\n<div  class='flex_column av-82vk5r-4677dae3309169cfcbb044177c09f505 av_one_full  avia-builder-el-9  el_after_av_two_fifth  el_before_av_three_fifth  first flex_column_div av-zero-column-padding  '     ><div  class='av-social-sharing-box av-jtz0f-50413716a677c0af6a237a8dbf0bf1cf av-social-sharing-box-default  avia-builder-el-10  avia-builder-el-no-sibling  av-social-sharing-box-fullwidth'><div class=\"av-share-box\"><h5 class='av-share-link-description av-no-toc '>Compartir esta Excursi\u00f3n<\/h5><ul class=\"av-share-box-list noLightbox\"><li class='av-share-link av-social-link-facebook avia_social_iconfont' ><a target=\"_blank\" aria-label=\"Compartir en Facebook\" href='https:\/\/www.facebook.com\/sharer.php?u=https:\/\/beltway.tur.ar\/travel\/refugio-arelauquen\/&#038;t=Refugio%20Arelauquen%20%28cena%29' data-av_icon='\ue8f3' data-av_iconfont='entypo-fontello'  title='' data-avia-related-tooltip='Compartir en Facebook'><span class='avia_hidden_link_text'>Compartir en Facebook<\/span><\/a><\/li><li class='av-share-link av-social-link-twitter avia_social_iconfont' ><a target=\"_blank\" aria-label=\"Compartir en X\" href='https:\/\/twitter.com\/share?text=Refugio%20Arelauquen%20%28cena%29&#038;url=https:\/\/beltway.tur.ar\/travel\/?p=1103' data-av_icon='\ue932' data-av_iconfont='entypo-fontello'  title='' data-avia-related-tooltip='Compartir en X'><span class='avia_hidden_link_text'>Compartir en X<\/span><\/a><\/li><li class='av-share-link av-social-link-pinterest avia_social_iconfont' ><a target=\"_blank\" aria-label=\"Compartir en Pinterest\" href='https:\/\/pinterest.com\/pin\/create\/button\/?url=https%3A%2F%2Fbeltway.tur.ar%2Ftravel%2Frefugio-arelauquen%2F&#038;description=Refugio%20Arelauquen%20%28cena%29&#038;media=https%3A%2F%2Fbeltway.tur.ar%2Ftravel%2Fwp-content%2Fuploads%2F2017%2F05%2FINTERIOR_REFUGIO5-705x470.jpg' data-av_icon='\ue8f8' data-av_iconfont='entypo-fontello'  title='' data-avia-related-tooltip='Compartir en Pinterest'><span class='avia_hidden_link_text'>Compartir en Pinterest<\/span><\/a><\/li><li class='av-share-link av-social-link-mail avia_social_iconfont' ><a  aria-label=\"Compartir por correo\" href='mailto:?subject=Refugio%20Arelauquen%20%28cena%29&#038;body=https:\/\/beltway.tur.ar\/travel\/refugio-arelauquen\/' data-av_icon='\ue805' data-av_iconfont='entypo-fontello'  title='' data-avia-related-tooltip='Compartir por correo'><span class='avia_hidden_link_text'>Compartir por correo<\/span><\/a><\/li><\/ul><\/div><\/div><\/div><\/p>\n\n<style type=\"text\/css\" data-created_by=\"avia_inline_auto\" id=\"style-css-av-4b4q8f-843293018c01fa7efe928a429a487cb2\">\n.flex_column.av-4b4q8f-843293018c01fa7efe928a429a487cb2{\nborder-radius:0px 0px 0px 0px;\npadding:0px 0px 0px 0px;\n}\n<\/style>\n<div  class='flex_column av-4b4q8f-843293018c01fa7efe928a429a487cb2 av_three_fifth  avia-builder-el-11  el_after_av_one_full  el_before_av_slideshow_accordion  avia-builder-el-last  first flex_column_div av-zero-column-padding  column-top-margin'     ><\/div>\n\n","protected":false},"excerpt":{"rendered":"","protected":false},"author":4,"featured_media":1106,"comment_status":"open","ping_status":"open","sticky":false,"template":"","format":"standard","meta":{"footnotes":""},"categories":[75,1],"tags":[61,222,62,63,236,60,216,64],"class_list":["post-1103","post","type-post","status-publish","format-standard","has-post-thumbnail","hentry","category-excursiones-de-invierno","category-sin-categoria","tag-arelauquen","tag-excursiones-en-bariloche","tag-invierno","tag-moto-de-nieve","tag-paseos-en-bariloche","tag-refugio","tag-refugio-arelauquen","tag-restaurant"],"_links":{"self":[{"href":"https:\/\/beltway.tur.ar\/travel\/wp-json\/wp\/v2\/posts\/1103","targetHints":{"allow":["GET"]}}],"collection":[{"href":"https:\/\/beltway.tur.ar\/travel\/wp-json\/wp\/v2\/posts"}],"about":[{"href":"https:\/\/beltway.tur.ar\/travel\/wp-json\/wp\/v2\/types\/post"}],"author":[{"embeddable":true,"href":"https:\/\/beltway.tur.ar\/travel\/wp-json\/wp\/v2\/users\/4"}],"replies":[{"embeddable":true,"href":"https:\/\/beltway.tur.ar\/travel\/wp-json\/wp\/v2\/comments?post=1103"}],"version-history":[{"count":10,"href":"https:\/\/beltway.tur.ar\/travel\/wp-json\/wp\/v2\/posts\/1103\/revisions"}],"predecessor-version":[{"id":26241,"href":"https:\/\/beltway.tur.ar\/travel\/wp-json\/wp\/v2\/posts\/1103\/revisions\/26241"}],"wp:featuredmedia":[{"embeddable":true,"href":"https:\/\/beltway.tur.ar\/travel\/wp-json\/wp\/v2\/media\/1106"}],"wp:attachment":[{"href":"https:\/\/beltway.tur.ar\/travel\/wp-json\/wp\/v2\/media?parent=1103"}],"wp:term":[{"taxonomy":"category","embeddable":true,"href":"https:\/\/beltway.tur.ar\/travel\/wp-json\/wp\/v2\/categories?post=1103"},{"taxonomy":"post_tag","embeddable":true,"href":"https:\/\/beltway.tur.ar\/travel\/wp-json\/wp\/v2\/tags?post=1103"}],"curies":[{"name":"wp","href":"https:\/\/api.w.org\/{rel}","templated":true}]}}