{"id":1112,"date":"2018-06-18T21:41:45","date_gmt":"2018-06-18T21:41:45","guid":{"rendered":"http:\/\/c0530437.ferozo.com\/beltway\/?p=1112"},"modified":"2025-05-09T21:38:59","modified_gmt":"2025-05-09T21:38:59","slug":"roca-negra","status":"publish","type":"post","link":"https:\/\/beltway.tur.ar\/travel\/roca-negra\/","title":{"rendered":"Roca Negra \u00abCaminata con Raquetas + Fondue\u00bb"},"content":{"rendered":"\n<style type=\"text\/css\" data-created_by=\"avia_inline_auto\" id=\"style-css-av-11y0z88-c7edd87e3dde86acc5c9004e7477c380\">\n.flex_column.av-11y0z88-c7edd87e3dde86acc5c9004e7477c380{\nborder-radius:0px 0px 0px 0px;\npadding:0px 0px 0px 0px;\n}\n<\/style>\n<div  class='flex_column av-11y0z88-c7edd87e3dde86acc5c9004e7477c380 av_one_full  avia-builder-el-0  el_before_av_one_third  avia-builder-el-first  first flex_column_div av-zero-column-padding  '     ><style type=\"text\/css\" data-created_by=\"avia_inline_auto\" id=\"style-css-av-yzq8vs-d4400a69995e137a7c8dacb9e2962ef2\">\n.avia-accordion.av-yzq8vs-d4400a69995e137a7c8dacb9e2962ef2{\nmax-height:375px;\n}\n.avia-accordion.av-yzq8vs-d4400a69995e137a7c8dacb9e2962ef2 .aviaccordion-preview{\nwidth:17.1%;\n}\n#top .avia-accordion.av-yzq8vs-d4400a69995e137a7c8dacb9e2962ef2 .aviaccordion-title{\nfont-size:10px;\n}\n.avia-accordion .aviaccordion-slide.av-yzq8vs-d4400a69995e137a7c8dacb9e2962ef2__0{\nleft:0%;\n}\n.avia-accordion .aviaccordion-slide.av-yzq8vs-d4400a69995e137a7c8dacb9e2962ef2__1{\nleft:16.666666666667%;\n}\n.avia-accordion .aviaccordion-slide.av-yzq8vs-d4400a69995e137a7c8dacb9e2962ef2__2{\nleft:33.333333333333%;\n}\n.avia-accordion .aviaccordion-slide.av-yzq8vs-d4400a69995e137a7c8dacb9e2962ef2__3{\nleft:50%;\n}\n.avia-accordion .aviaccordion-slide.av-yzq8vs-d4400a69995e137a7c8dacb9e2962ef2__4{\nleft:66.666666666667%;\n}\n.avia-accordion .aviaccordion-slide.av-yzq8vs-d4400a69995e137a7c8dacb9e2962ef2__5{\nleft:83.333333333333%;\n}\n<\/style>\n<div  id=\"accordion_slider_1\"  class='aviaccordion avia-accordion av-yzq8vs-d4400a69995e137a7c8dacb9e2962ef2 aviaccordion-title-active av-slideshow-autoplay av-loop-endless ' data-slideshow-options=\"{&quot;interval&quot;:3,&quot;autoplay&quot;:true,&quot;loop_autoplay&quot;:&quot;endless&quot;}\"  itemscope=\"itemscope\" itemtype=\"https:\/\/schema.org\/Blog\" ><ul class=\"aviaccordion-inner\"><li class='aviaccordion-slide av-yzq8vs-d4400a69995e137a7c8dacb9e2962ef2__0 aviaccordion-slide-1' data-av-left='0'  itemscope=\"itemscope\" itemtype=\"https:\/\/schema.org\/BlogPosting\" itemprop=\"blogPost\" ><a class='aviaccordion-slide-link noHover' href=\"https:\/\/beltway.tur.ar\/travel\/wp-content\/uploads\/2017\/05\/Atardece-en-Roca-773x1030.jpg\"  title=\"Atardece en Roca\" ><div class='aviaccordion-preview '><\/div><img loading=\"lazy\" decoding=\"async\" width=\"710\" height=\"375\" src=\"https:\/\/beltway.tur.ar\/travel\/wp-content\/uploads\/2017\/05\/Atardece-en-Roca-710x375.jpg\" class=\"aviaccordion-image\" alt=\"\" \/><\/a><\/li><li class='aviaccordion-slide av-yzq8vs-d4400a69995e137a7c8dacb9e2962ef2__1 aviaccordion-slide-2' data-av-left='16.666666666667'  itemscope=\"itemscope\" itemtype=\"https:\/\/schema.org\/BlogPosting\" itemprop=\"blogPost\" ><a class='aviaccordion-slide-link noHover' href=\"https:\/\/beltway.tur.ar\/travel\/wp-content\/uploads\/2017\/05\/IMG_0274-1030x687.jpg\"  title=\"IMG_0274\" ><div class='aviaccordion-preview '><\/div><img loading=\"lazy\" decoding=\"async\" width=\"710\" height=\"375\" src=\"https:\/\/beltway.tur.ar\/travel\/wp-content\/uploads\/2017\/05\/IMG_0274-710x375.jpg\" class=\"aviaccordion-image\" alt=\"\" \/><\/a><\/li><li class='aviaccordion-slide av-yzq8vs-d4400a69995e137a7c8dacb9e2962ef2__2 aviaccordion-slide-3' data-av-left='33.333333333333'  itemscope=\"itemscope\" itemtype=\"https:\/\/schema.org\/BlogPosting\" itemprop=\"blogPost\" ><a class='aviaccordion-slide-link noHover' href=\"https:\/\/beltway.tur.ar\/travel\/wp-content\/uploads\/2017\/05\/IMG_0188-1030x687.jpg\"  title=\"IMG_0188\" ><div class='aviaccordion-preview '><\/div><img loading=\"lazy\" decoding=\"async\" width=\"710\" height=\"375\" src=\"https:\/\/beltway.tur.ar\/travel\/wp-content\/uploads\/2017\/05\/IMG_0188-710x375.jpg\" class=\"aviaccordion-image\" alt=\"\" \/><\/a><\/li><li class='aviaccordion-slide av-yzq8vs-d4400a69995e137a7c8dacb9e2962ef2__3 aviaccordion-slide-4' data-av-left='50'  itemscope=\"itemscope\" itemtype=\"https:\/\/schema.org\/BlogPosting\" itemprop=\"blogPost\" ><a class='aviaccordion-slide-link noHover' href=\"https:\/\/beltway.tur.ar\/travel\/wp-content\/uploads\/2017\/05\/IMG_1538-1030x687.jpg\"  title=\"IMG_1538\" ><div class='aviaccordion-preview '><\/div><img loading=\"lazy\" decoding=\"async\" width=\"710\" height=\"375\" src=\"https:\/\/beltway.tur.ar\/travel\/wp-content\/uploads\/2017\/05\/IMG_1538-710x375.jpg\" class=\"aviaccordion-image\" alt=\"\" \/><\/a><\/li><li class='aviaccordion-slide av-yzq8vs-d4400a69995e137a7c8dacb9e2962ef2__4 aviaccordion-slide-5' data-av-left='66.666666666667'  itemscope=\"itemscope\" itemtype=\"https:\/\/schema.org\/BlogPosting\" itemprop=\"blogPost\" ><a class='aviaccordion-slide-link noHover' href=\"https:\/\/beltway.tur.ar\/travel\/wp-content\/uploads\/2017\/05\/IMG_0516-1030x687.jpg\"  title=\"IMG_0516\" ><div class='aviaccordion-preview '><\/div><img loading=\"lazy\" decoding=\"async\" width=\"710\" height=\"375\" src=\"https:\/\/beltway.tur.ar\/travel\/wp-content\/uploads\/2017\/05\/IMG_0516-710x375.jpg\" class=\"aviaccordion-image\" alt=\"\" \/><\/a><\/li><li class='aviaccordion-slide av-yzq8vs-d4400a69995e137a7c8dacb9e2962ef2__5 aviaccordion-slide-6' data-av-left='83.333333333333'  itemscope=\"itemscope\" itemtype=\"https:\/\/schema.org\/BlogPosting\" itemprop=\"blogPost\" ><a class='aviaccordion-slide-link noHover' href=\"https:\/\/beltway.tur.ar\/travel\/wp-content\/uploads\/2018\/06\/209349291_2013709185447515_8791914203934679457_n-e1625063917551-1030x839.jpg\"  title=\"209349291_2013709185447515_8791914203934679457_n\" ><div class='aviaccordion-preview '><\/div><img loading=\"lazy\" decoding=\"async\" width=\"710\" height=\"375\" src=\"https:\/\/beltway.tur.ar\/travel\/wp-content\/uploads\/2018\/06\/209349291_2013709185447515_8791914203934679457_n-e1625063917551-710x375.jpg\" class=\"aviaccordion-image\" alt=\"\" \/><\/a><\/li><\/ul><div class='aviaccordion-spacer' style='padding-bottom:52.816901408451%'><\/div><\/div><\/div>\n\n<style type=\"text\/css\" data-created_by=\"avia_inline_auto\" id=\"style-css-av-ntmamg-05ca4c380c9b4851c4179dd082a27764\">\n.flex_column.av-ntmamg-05ca4c380c9b4851c4179dd082a27764{\nborder-radius:0px 0px 0px 0px;\npadding:0px 0px 0px 0px;\n}\n<\/style>\n<div  class='flex_column av-ntmamg-05ca4c380c9b4851c4179dd082a27764 av_one_third  avia-builder-el-2  el_after_av_one_full  el_before_av_two_third  first flex_column_div av-zero-column-padding  column-top-margin'     ><div  class='av-catalogue-container av-m7dgig-852fd332783be8138941179e7a970d8d  avia-builder-el-3  avia-builder-el-no-sibling '><ul class='av-catalogue-list'>\n<li><div class='av-catalogue-item av-k7kd8o-0bc06f934801ba1c067035f60e8501c5' ><div class=\"av-catalogue-item-inner\"><div class=\"av-catalogue-title-container\"><div class='av-catalogue-title'>Temporada<\/div><div class='av-catalogue-price'><\/div><\/div><div class=\"av-catalogue-content\">\nDe Julio a Septiembre<br \/>\n<\/div><\/div><\/div><\/li>\n<li><div class='av-catalogue-item av-1wf5p4-f6dc5ebb8f00afc0db45f5bb32569966' ><div class=\"av-catalogue-item-inner\"><div class=\"av-catalogue-title-container\"><div class='av-catalogue-title'>Duraci\u00f3n<\/div><div class='av-catalogue-price'><\/div><\/div><div class=\"av-catalogue-content\">\nMedio D\u00eda<br \/>\n<\/div><\/div><\/div><\/li>\n<li><div class='av-catalogue-item av-hbunns-00e5d688deb6d5e8b1bbb9cc74f04db1' ><div class=\"av-catalogue-item-inner\"><div class=\"av-catalogue-title-container\"><div class='av-catalogue-title'>Modalidades<\/div><div class='av-catalogue-price'><\/div><\/div><div class=\"av-catalogue-content\">\n1: Caminata con Raquetas y pizza libre. No incluye bebidas<\/p>\n<p>2: Atardecer y Fondue de Chocolate.\u00a0No incluye bebidas<br \/>\n<\/div><\/div><\/div><\/li>\n<li><div class='av-catalogue-item av-f68syg-4f2cb2b8ae59d684fc77baab907e912d' ><div class=\"av-catalogue-item-inner\"><div class=\"av-catalogue-title-container\"><div class='av-catalogue-title'>Salidas<\/div><div class='av-catalogue-price'><\/div><\/div><div class=\"av-catalogue-content\">\n10:30 Hs y 15:00 Hs.<br \/>\n<\/div><\/div><\/div><\/li>\n<\/ul><\/div><\/div>\n\n<style type=\"text\/css\" data-created_by=\"avia_inline_auto\" id=\"style-css-av-etn9so-93d6fcefc8810c273895a0250784a195\">\n.flex_column.av-etn9so-93d6fcefc8810c273895a0250784a195{\nborder-radius:0px 0px 0px 0px;\npadding:0px 0px 0px 0px;\n}\n<\/style>\n<div  class='flex_column av-etn9so-93d6fcefc8810c273895a0250784a195 av_two_third  avia-builder-el-4  el_after_av_one_third  el_before_av_two_fifth  flex_column_div av-zero-column-padding  column-top-margin'     ><section  class='av_textblock_section av-19t454-4ceb4d067046cbab63704b53a7381162 '   itemscope=\"itemscope\" itemtype=\"https:\/\/schema.org\/BlogPosting\" itemprop=\"blogPost\" ><div class='avia_textblock'  itemprop=\"text\" ><h2>Roca Negra<\/h2>\n<p>A 25 kil\u00f3metros del centro de la ciudad se ubica el Cerro L\u00f3pez, lugar donde se realiza esta original excursi\u00f3n.<\/p>\n<p>Se asciende en camionetas 4\u00d74 por un sinuoso camino monta\u00f1a desde el cual la vista es magn\u00edfica. Cuando arribamos al lugar, nos equipamos con raquetas especiales para poder caminar por zonas con nieve.<\/p>\n<p>Finalizada la caminata el refugio Roca Negra nos da una c\u00e1lida bienvenida e invita a degustar con tradicionales platos de fondue.<\/p>\n<\/div><\/section><br \/>\n<div  class='hr av-an4gmw-4d876340b6c15dc3cbc9eae6aab24e72 hr-default  avia-builder-el-6  el_after_av_textblock  avia-builder-el-last '><span class='hr-inner '><span class=\"hr-inner-style\"><\/span><\/span><\/div><\/p><\/div>\n\n<style type=\"text\/css\" data-created_by=\"avia_inline_auto\" id=\"style-css-av-978bjs-55b906fa9010ca62a3ea876e4f847e03\">\n.flex_column.av-978bjs-55b906fa9010ca62a3ea876e4f847e03{\nborder-radius:0px 0px 0px 0px;\npadding:0px 0px 0px 0px;\n}\n<\/style>\n<div  class='flex_column av-978bjs-55b906fa9010ca62a3ea876e4f847e03 av_two_fifth  avia-builder-el-7  el_after_av_two_third  el_before_av_one_full  first flex_column_div av-zero-column-padding  column-top-margin'     ><div  class='avia-video av-842ut4-e45745581574c0bee2825697d633c3e3 avia-video-16-9 av-no-preview-image avia-video-load-always avia-video-html5'  itemprop=\"video\" itemtype=\"https:\/\/schema.org\/VideoObject\"  data-original_url='https:\/\/beltway.tur.ar\/travel\/wp-content\/uploads\/2018\/04\/roca-negra.mp4'><video class='avia_video'    preload=\"auto\"  controls id='player_1112_1734253325_423920122'><source src='https:\/\/beltway.tur.ar\/travel\/wp-content\/uploads\/2018\/04\/roca-negra.mp4' type='video\/mp4' \/><\/video><\/div><\/div>\n<style type=\"text\/css\" data-created_by=\"avia_inline_auto\" id=\"style-css-av-67epw8-11a88437344cfbd11419bcfc42c83aef\">\n.flex_column.av-67epw8-11a88437344cfbd11419bcfc42c83aef{\nborder-radius:0px 0px 0px 0px;\npadding:0px 0px 0px 0px;\n}\n<\/style>\n<div  class='flex_column av-67epw8-11a88437344cfbd11419bcfc42c83aef av_one_full  avia-builder-el-9  el_after_av_two_fifth  el_before_av_three_fifth  first flex_column_div av-zero-column-padding  '     ><div  class='av-social-sharing-box av-4gl9uw-095778da0ff7dda8ec5a67754313f08a av-social-sharing-box-default  avia-builder-el-10  avia-builder-el-no-sibling  av-social-sharing-box-fullwidth'><div class=\"av-share-box\"><h5 class='av-share-link-description av-no-toc '>Compartir esta Excursi\u00f3n<\/h5><ul class=\"av-share-box-list noLightbox\"><li class='av-share-link av-social-link-facebook avia_social_iconfont' ><a target=\"_blank\" aria-label=\"Compartir en Facebook\" href='https:\/\/www.facebook.com\/sharer.php?u=https:\/\/beltway.tur.ar\/travel\/roca-negra\/&#038;t=Roca%20Negra%20%C2%ABCaminata%20con%20Raquetas%20%2B%20Fondue%C2%BB' data-av_icon='\ue8f3' data-av_iconfont='entypo-fontello'  title='' data-avia-related-tooltip='Compartir en Facebook'><span class='avia_hidden_link_text'>Compartir en Facebook<\/span><\/a><\/li><li class='av-share-link av-social-link-twitter avia_social_iconfont' ><a target=\"_blank\" aria-label=\"Compartir en X\" href='https:\/\/twitter.com\/share?text=Roca%20Negra%20%C2%ABCaminata%20con%20Raquetas%20%2B%20Fondue%C2%BB&#038;url=https:\/\/beltway.tur.ar\/travel\/?p=1112' data-av_icon='\ue932' data-av_iconfont='entypo-fontello'  title='' data-avia-related-tooltip='Compartir en X'><span class='avia_hidden_link_text'>Compartir en X<\/span><\/a><\/li><li class='av-share-link av-social-link-pinterest avia_social_iconfont' ><a target=\"_blank\" aria-label=\"Compartir en Pinterest\" href='https:\/\/pinterest.com\/pin\/create\/button\/?url=https%3A%2F%2Fbeltway.tur.ar%2Ftravel%2Froca-negra%2F&#038;description=Roca%20Negra%20%C2%ABCaminata%20con%20Raquetas%20%2B%20Fondue%C2%BB&#038;media=https%3A%2F%2Fbeltway.tur.ar%2Ftravel%2Fwp-content%2Fuploads%2F2017%2F05%2FAtardece-en-Roca-529x705.jpg' data-av_icon='\ue8f8' data-av_iconfont='entypo-fontello'  title='' data-avia-related-tooltip='Compartir en Pinterest'><span class='avia_hidden_link_text'>Compartir en Pinterest<\/span><\/a><\/li><li class='av-share-link av-social-link-mail avia_social_iconfont' ><a  aria-label=\"Compartir por correo\" href='mailto:?subject=Roca%20Negra%20%C2%ABCaminata%20con%20Raquetas%20%2B%20Fondue%C2%BB&#038;body=https:\/\/beltway.tur.ar\/travel\/roca-negra\/' data-av_icon='\ue805' data-av_iconfont='entypo-fontello'  title='' data-avia-related-tooltip='Compartir por correo'><span class='avia_hidden_link_text'>Compartir por correo<\/span><\/a><\/li><\/ul><\/div><\/div><\/div><\/p>\n\n<style type=\"text\/css\" data-created_by=\"avia_inline_auto\" id=\"style-css-av-34pdo8-2291c8584aaf5c9c197b332e5678c1b3\">\n.flex_column.av-34pdo8-2291c8584aaf5c9c197b332e5678c1b3{\nborder-radius:0px 0px 0px 0px;\npadding:0px 0px 0px 0px;\n}\n<\/style>\n<div  class='flex_column av-34pdo8-2291c8584aaf5c9c197b332e5678c1b3 av_three_fifth  avia-builder-el-11  el_after_av_one_full  avia-builder-el-last  first flex_column_div av-zero-column-padding  column-top-margin'     ><\/div>\n","protected":false},"excerpt":{"rendered":"","protected":false},"author":4,"featured_media":1118,"comment_status":"open","ping_status":"open","sticky":false,"template":"","format":"standard","meta":{"footnotes":""},"categories":[75,1],"tags":[211,215,222,214,62,99,236,60,64,213],"class_list":["post-1112","post","type-post","status-publish","format-standard","has-post-thumbnail","hentry","category-excursiones-de-invierno","category-sin-categoria","tag-actividades-de-nieve","tag-caminata-con-raquetas","tag-excursiones-en-bariloche","tag-fondeu","tag-invierno","tag-invierno-bariloche","tag-paseos-en-bariloche","tag-refugio","tag-restaurant","tag-roca-negra"],"_links":{"self":[{"href":"https:\/\/beltway.tur.ar\/travel\/wp-json\/wp\/v2\/posts\/1112","targetHints":{"allow":["GET"]}}],"collection":[{"href":"https:\/\/beltway.tur.ar\/travel\/wp-json\/wp\/v2\/posts"}],"about":[{"href":"https:\/\/beltway.tur.ar\/travel\/wp-json\/wp\/v2\/types\/post"}],"author":[{"embeddable":true,"href":"https:\/\/beltway.tur.ar\/travel\/wp-json\/wp\/v2\/users\/4"}],"replies":[{"embeddable":true,"href":"https:\/\/beltway.tur.ar\/travel\/wp-json\/wp\/v2\/comments?post=1112"}],"version-history":[{"count":16,"href":"https:\/\/beltway.tur.ar\/travel\/wp-json\/wp\/v2\/posts\/1112\/revisions"}],"predecessor-version":[{"id":1380,"href":"https:\/\/beltway.tur.ar\/travel\/wp-json\/wp\/v2\/posts\/1112\/revisions\/1380"}],"wp:featuredmedia":[{"embeddable":true,"href":"https:\/\/beltway.tur.ar\/travel\/wp-json\/wp\/v2\/media\/1118"}],"wp:attachment":[{"href":"https:\/\/beltway.tur.ar\/travel\/wp-json\/wp\/v2\/media?parent=1112"}],"wp:term":[{"taxonomy":"category","embeddable":true,"href":"https:\/\/beltway.tur.ar\/travel\/wp-json\/wp\/v2\/categories?post=1112"},{"taxonomy":"post_tag","embeddable":true,"href":"https:\/\/beltway.tur.ar\/travel\/wp-json\/wp\/v2\/tags?post=1112"}],"curies":[{"name":"wp","href":"https:\/\/api.w.org\/{rel}","templated":true}]}}