{"id":1139,"date":"2018-08-18T22:01:53","date_gmt":"2018-08-18T22:01:53","guid":{"rendered":"http:\/\/c0530437.ferozo.com\/beltway\/?p=1139"},"modified":"2025-05-09T21:37:14","modified_gmt":"2025-05-09T21:37:14","slug":"bautismo-ski-o-snowboard-en-cerro-catedral","status":"publish","type":"post","link":"https:\/\/beltway.tur.ar\/travel\/bautismo-ski-o-snowboard-en-cerro-catedral\/","title":{"rendered":"Bautismo Ski o Snowboard en Cerro Catedral"},"content":{"rendered":"\n<style type=\"text\/css\" data-created_by=\"avia_inline_auto\" id=\"style-css-av-m3dgy1gk-88081902d19dbf4f34927a064f0cb42d\">\n.flex_column.av-m3dgy1gk-88081902d19dbf4f34927a064f0cb42d{\nborder-radius:0px 0px 0px 0px;\npadding:0px 0px 0px 0px;\n}\n<\/style>\n<div  class='flex_column av-m3dgy1gk-88081902d19dbf4f34927a064f0cb42d av_one_full  avia-builder-el-0  el_before_av_one_third  avia-builder-el-first  first flex_column_div av-zero-column-padding  '     ><style type=\"text\/css\" data-created_by=\"avia_inline_auto\" id=\"style-css-av-y0vykz-a87250e9d132db1049b6d9521521f530\">\n.avia-accordion.av-y0vykz-a87250e9d132db1049b6d9521521f530{\nmax-height:375px;\n}\n.avia-accordion.av-y0vykz-a87250e9d132db1049b6d9521521f530 .aviaccordion-preview{\nwidth:20.1%;\n}\n#top .avia-accordion.av-y0vykz-a87250e9d132db1049b6d9521521f530 .aviaccordion-title{\nfont-size:10px;\n}\n.avia-accordion .aviaccordion-slide.av-y0vykz-a87250e9d132db1049b6d9521521f530__0{\nleft:0%;\n}\n.avia-accordion .aviaccordion-slide.av-y0vykz-a87250e9d132db1049b6d9521521f530__1{\nleft:20%;\n}\n.avia-accordion .aviaccordion-slide.av-y0vykz-a87250e9d132db1049b6d9521521f530__2{\nleft:40%;\n}\n.avia-accordion .aviaccordion-slide.av-y0vykz-a87250e9d132db1049b6d9521521f530__3{\nleft:60%;\n}\n.avia-accordion .aviaccordion-slide.av-y0vykz-a87250e9d132db1049b6d9521521f530__4{\nleft:80%;\n}\n<\/style>\n<div  id=\"accordion_slider_1\"  class='aviaccordion avia-accordion av-y0vykz-a87250e9d132db1049b6d9521521f530 aviaccordion-title-active av-slideshow-autoplay av-loop-endless ' data-slideshow-options=\"{&quot;interval&quot;:3,&quot;autoplay&quot;:true,&quot;loop_autoplay&quot;:&quot;endless&quot;}\"  itemscope=\"itemscope\" itemtype=\"https:\/\/schema.org\/Blog\" ><ul class=\"aviaccordion-inner\"><li class='aviaccordion-slide av-y0vykz-a87250e9d132db1049b6d9521521f530__0 aviaccordion-slide-1' data-av-left='0'  itemscope=\"itemscope\" itemtype=\"https:\/\/schema.org\/BlogPosting\" itemprop=\"blogPost\" ><a class='aviaccordion-slide-link noHover' href=\"https:\/\/beltway.tur.ar\/travel\/wp-content\/uploads\/2017\/05\/german-1030x689.jpg\"  title=\"german\" ><div class='aviaccordion-preview '><\/div><img loading=\"lazy\" decoding=\"async\" width=\"710\" height=\"375\" src=\"https:\/\/beltway.tur.ar\/travel\/wp-content\/uploads\/2017\/05\/german-710x375.jpg\" class=\"aviaccordion-image\" alt=\"\" \/><\/a><\/li><li class='aviaccordion-slide av-y0vykz-a87250e9d132db1049b6d9521521f530__1 aviaccordion-slide-2' data-av-left='20'  itemscope=\"itemscope\" itemtype=\"https:\/\/schema.org\/BlogPosting\" itemprop=\"blogPost\" ><a class='aviaccordion-slide-link noHover' href=\"https:\/\/beltway.tur.ar\/travel\/wp-content\/uploads\/2017\/05\/00020592-1030x689.jpg\"  title=\"00020592\" ><div class='aviaccordion-preview '><\/div><img loading=\"lazy\" decoding=\"async\" width=\"710\" height=\"375\" src=\"https:\/\/beltway.tur.ar\/travel\/wp-content\/uploads\/2017\/05\/00020592-710x375.jpg\" class=\"aviaccordion-image\" alt=\"\" \/><\/a><\/li><li class='aviaccordion-slide av-y0vykz-a87250e9d132db1049b6d9521521f530__2 aviaccordion-slide-3' data-av-left='40'  itemscope=\"itemscope\" itemtype=\"https:\/\/schema.org\/BlogPosting\" itemprop=\"blogPost\" ><a class='aviaccordion-slide-link noHover' href=\"https:\/\/beltway.tur.ar\/travel\/wp-content\/uploads\/2017\/05\/f4390.jpg\"  title=\"f4390\" ><div class='aviaccordion-preview '><\/div><img loading=\"lazy\" decoding=\"async\" width=\"710\" height=\"375\" src=\"https:\/\/beltway.tur.ar\/travel\/wp-content\/uploads\/2017\/05\/f4390-710x375.jpg\" class=\"aviaccordion-image\" alt=\"\" \/><\/a><\/li><li class='aviaccordion-slide av-y0vykz-a87250e9d132db1049b6d9521521f530__3 aviaccordion-slide-4' data-av-left='60'  itemscope=\"itemscope\" itemtype=\"https:\/\/schema.org\/BlogPosting\" itemprop=\"blogPost\" ><a class='aviaccordion-slide-link noHover' href=\"https:\/\/beltway.tur.ar\/travel\/wp-content\/uploads\/2017\/05\/chapelco-2013-22-junio-1-1030x682.jpg\"  title=\"chapelco-2013-22-junio-1\" ><div class='aviaccordion-preview '><\/div><img loading=\"lazy\" decoding=\"async\" width=\"710\" height=\"375\" src=\"https:\/\/beltway.tur.ar\/travel\/wp-content\/uploads\/2017\/05\/chapelco-2013-22-junio-1-710x375.jpg\" class=\"aviaccordion-image\" alt=\"\" \/><\/a><\/li><li class='aviaccordion-slide av-y0vykz-a87250e9d132db1049b6d9521521f530__4 aviaccordion-slide-5' data-av-left='80'  itemscope=\"itemscope\" itemtype=\"https:\/\/schema.org\/BlogPosting\" itemprop=\"blogPost\" ><a class='aviaccordion-slide-link noHover' href=\"https:\/\/beltway.tur.ar\/travel\/wp-content\/uploads\/2017\/05\/cerrocatedral_03-1030x502.jpg\"  title=\"cerrocatedral_03\" ><div class='aviaccordion-preview '><\/div><img loading=\"lazy\" decoding=\"async\" width=\"710\" height=\"375\" src=\"https:\/\/beltway.tur.ar\/travel\/wp-content\/uploads\/2017\/05\/cerrocatedral_03-710x375.jpg\" class=\"aviaccordion-image\" alt=\"\" \/><\/a><\/li><\/ul><div class='aviaccordion-spacer' style='padding-bottom:52.816901408451%'><\/div><\/div><\/div>\n\n<style type=\"text\/css\" data-created_by=\"avia_inline_auto\" id=\"style-css-av-okz5w3-a5699e0fb58022e271ba5cd7c4c3019e\">\n.flex_column.av-okz5w3-a5699e0fb58022e271ba5cd7c4c3019e{\nborder-radius:0px 0px 0px 0px;\npadding:0px 0px 0px 0px;\n}\n<\/style>\n<div  class='flex_column av-okz5w3-a5699e0fb58022e271ba5cd7c4c3019e av_one_third  avia-builder-el-2  el_after_av_one_full  el_before_av_two_third  first flex_column_div av-zero-column-padding  column-top-margin'     ><div  class='av-catalogue-container av-mws8mr-5d4882541df3fceeabbca8c117199a48  avia-builder-el-3  avia-builder-el-no-sibling '><ul class='av-catalogue-list'>\n<li><div class='av-catalogue-item av-ketfer-d8c5b411e4a66f7694f8839f412a833b' ><div class=\"av-catalogue-item-inner\"><div class=\"av-catalogue-title-container\"><div class='av-catalogue-title'>Temporada<\/div><div class='av-catalogue-price'><\/div><\/div><div class=\"av-catalogue-content\">\nDe Julio a Septiembre<br \/>\n<\/div><\/div><\/div><\/li>\n<li><div class='av-catalogue-item av-jjh64j-f46b6338d4a8089026ae3d35f4e37989' ><div class=\"av-catalogue-item-inner\"><div class=\"av-catalogue-title-container\"><div class='av-catalogue-title'>Duraci\u00f3n<\/div><div class='av-catalogue-price'><\/div><\/div><div class=\"av-catalogue-content\">\nMedio D\u00eda o D\u00eda Completo<br \/>\n<\/div><\/div><\/div><\/li>\n<li><div class='av-catalogue-item av-1t34qb-248171131e7ea147f32b3d28156bd1e2' ><div class=\"av-catalogue-item-inner\"><div class=\"av-catalogue-title-container\"><div class='av-catalogue-title'>Qu\u00e9 Llevar<\/div><div class='av-catalogue-price'><\/div><\/div><div class=\"av-catalogue-content\">\nRopa impermeable, gorro y anteojos de sol.<br \/>\n<\/div><\/div><\/div><\/li>\n<li><div class='av-catalogue-item av-flm7tf-91f097ebf23014ff072b442b8a0d42d1' ><div class=\"av-catalogue-item-inner\"><div class=\"av-catalogue-title-container\"><div class='av-catalogue-title'>Salidas<\/div><div class='av-catalogue-price'><\/div><\/div><div class=\"av-catalogue-content\">\nTodos los D\u00edas<br \/>\n<\/div><\/div><\/div><\/li>\n<\/ul><\/div><\/div>\n\n<style type=\"text\/css\" data-created_by=\"avia_inline_auto\" id=\"style-css-av-dv2mpv-92fc3433a3bb9d46590acaf60194efd8\">\n.flex_column.av-dv2mpv-92fc3433a3bb9d46590acaf60194efd8{\nborder-radius:0px 0px 0px 0px;\npadding:0px 0px 0px 0px;\n}\n<\/style>\n<div  class='flex_column av-dv2mpv-92fc3433a3bb9d46590acaf60194efd8 av_two_third  avia-builder-el-4  el_after_av_one_third  el_before_av_two_fifth  flex_column_div av-zero-column-padding  column-top-margin'     ><section  class='av_textblock_section av-d0ogab-afbdcada10b9eff69e9a686842b66520 '   itemscope=\"itemscope\" itemtype=\"https:\/\/schema.org\/BlogPosting\" itemprop=\"blogPost\" ><div class='avia_textblock'  itemprop=\"text\" ><h2>Bautismo de Nieve (Ski\u00a0&amp; Snowboard)<\/h2>\n<p>Consiste en deslizarse por la nieve, utilizando un equipo especial y adecuado, cada vez m\u00e1s gente practica este deporte debido al aumento de centros de esqu\u00ed en el mundo.<\/p>\n<p>La temporada de esqu\u00ed en Bariloche comienza a fines de junio y se prolonga hasta octubre, siempre dependiendo de las condiciones clim\u00e1ticas. Nuestros coordinadores, lo gu\u00edan e introducen en el deporte organizando traslados, equipos, pases de ski y clases. Todo indispensable para disfrutar de las pistas del Cerro Catedral.<\/p>\n<h2><\/h2>\n<p>Si estas pensando en realizar por primera vez Ski o Snowboard, te ofrecemos una paquete que incluye: \u00abtraslado + Pase diario + clase grupales o semi exclusivas + equipo de Ski o Snowboard\u00bb .<\/p>\n<ul>\n<li>2hs de Clases:\u00a0las grupales de entre 8 a 12 participantes adultos y las semiexclusivas son de 4-6 participantes<\/li>\n<li>Equipo: carving completo (incluye botas + esqu\u00edes + bastones).<\/li>\n<\/ul>\n<\/div><\/section><br \/>\n<div  class='hr av-b5940z-60c6411868de441d107e986cfeba538d hr-default  avia-builder-el-6  el_after_av_textblock  avia-builder-el-last '><span class='hr-inner '><span class=\"hr-inner-style\"><\/span><\/span><\/div><\/p><\/div>\n\n<style type=\"text\/css\" data-created_by=\"avia_inline_auto\" id=\"style-css-av-94ll2r-e460e96e33456edd7888a71b5db84d9c\">\n.flex_column.av-94ll2r-e460e96e33456edd7888a71b5db84d9c{\nborder-radius:0px 0px 0px 0px;\npadding:0px 0px 0px 0px;\n}\n<\/style>\n<div  class='flex_column av-94ll2r-e460e96e33456edd7888a71b5db84d9c av_two_fifth  avia-builder-el-7  el_after_av_two_third  el_before_av_one_full  first flex_column_div av-zero-column-padding  column-top-margin'     ><div  class='avia-video av-pyiur-fe324d8849a3eeb86a2e049c9c9460b3 avia-video-16-9 av-no-preview-image avia-video-load-always avia-video-html5'  itemprop=\"video\" itemtype=\"https:\/\/schema.org\/VideoObject\"  data-original_url='https:\/\/beltway.tur.ar\/travel\/wp-content\/uploads\/2018\/04\/catedral.mp4'><video class='avia_video'    preload=\"auto\"  controls id='player_1139_913244169_204131337'><source src='https:\/\/beltway.tur.ar\/travel\/wp-content\/uploads\/2018\/04\/catedral.mp4' type='video\/mp4' \/><\/video><\/div><\/div>\n<style type=\"text\/css\" data-created_by=\"avia_inline_auto\" id=\"style-css-av-5qrfub-ca177b39b6106e78d9597c5540d379e5\">\n.flex_column.av-5qrfub-ca177b39b6106e78d9597c5540d379e5{\nborder-radius:0px 0px 0px 0px;\npadding:0px 0px 0px 0px;\n}\n<\/style>\n<div  class='flex_column av-5qrfub-ca177b39b6106e78d9597c5540d379e5 av_one_full  avia-builder-el-9  el_after_av_two_fifth  el_before_av_three_fifth  first flex_column_div av-zero-column-padding  '     ><div  class='av-social-sharing-box av-42xdjn-c144dfbe936b30dd3661de0308d15fa8 av-social-sharing-box-default  avia-builder-el-10  avia-builder-el-no-sibling  av-social-sharing-box-fullwidth'><div class=\"av-share-box\"><h5 class='av-share-link-description av-no-toc '>Compartir esta Excursi\u00f3n<\/h5><ul class=\"av-share-box-list noLightbox\"><li class='av-share-link av-social-link-facebook avia_social_iconfont' ><a target=\"_blank\" aria-label=\"Compartir en Facebook\" href='https:\/\/www.facebook.com\/sharer.php?u=https:\/\/beltway.tur.ar\/travel\/bautismo-ski-o-snowboard-en-cerro-catedral\/&#038;t=Bautismo%20Ski%20o%20Snowboard%20en%20Cerro%20Catedral' data-av_icon='\ue8f3' data-av_iconfont='entypo-fontello'  title='' data-avia-related-tooltip='Compartir en Facebook'><span class='avia_hidden_link_text'>Compartir en Facebook<\/span><\/a><\/li><li class='av-share-link av-social-link-twitter avia_social_iconfont' ><a target=\"_blank\" aria-label=\"Compartir en X\" href='https:\/\/twitter.com\/share?text=Bautismo%20Ski%20o%20Snowboard%20en%20Cerro%20Catedral&#038;url=https:\/\/beltway.tur.ar\/travel\/?p=1139' data-av_icon='\ue932' data-av_iconfont='entypo-fontello'  title='' data-avia-related-tooltip='Compartir en X'><span class='avia_hidden_link_text'>Compartir en X<\/span><\/a><\/li><li class='av-share-link av-social-link-pinterest avia_social_iconfont' ><a target=\"_blank\" aria-label=\"Compartir en Pinterest\" href='https:\/\/pinterest.com\/pin\/create\/button\/?url=https%3A%2F%2Fbeltway.tur.ar%2Ftravel%2Fbautismo-ski-o-snowboard-en-cerro-catedral%2F&#038;description=Bautismo%20Ski%20o%20Snowboard%20en%20Cerro%20Catedral&#038;media=https%3A%2F%2Fbeltway.tur.ar%2Ftravel%2Fwp-content%2Fuploads%2F2017%2F05%2F00020592-705x472.jpg' data-av_icon='\ue8f8' data-av_iconfont='entypo-fontello'  title='' data-avia-related-tooltip='Compartir en Pinterest'><span class='avia_hidden_link_text'>Compartir en Pinterest<\/span><\/a><\/li><li class='av-share-link av-social-link-mail avia_social_iconfont' ><a  aria-label=\"Compartir por correo\" href='mailto:?subject=Bautismo%20Ski%20o%20Snowboard%20en%20Cerro%20Catedral&#038;body=https:\/\/beltway.tur.ar\/travel\/bautismo-ski-o-snowboard-en-cerro-catedral\/' data-av_icon='\ue805' data-av_iconfont='entypo-fontello'  title='' data-avia-related-tooltip='Compartir por correo'><span class='avia_hidden_link_text'>Compartir por correo<\/span><\/a><\/li><\/ul><\/div><\/div><\/div><\/p>\n\n<style type=\"text\/css\" data-created_by=\"avia_inline_auto\" id=\"style-css-av-1yn3sz-3ed00a9690e832112a178453bc23e601\">\n.flex_column.av-1yn3sz-3ed00a9690e832112a178453bc23e601{\nborder-radius:0px 0px 0px 0px;\npadding:0px 0px 0px 0px;\n}\n<\/style>\n<div  class='flex_column av-1yn3sz-3ed00a9690e832112a178453bc23e601 av_three_fifth  avia-builder-el-11  el_after_av_one_full  avia-builder-el-last  first flex_column_div av-zero-column-padding  column-top-margin'     ><\/div>\n","protected":false},"excerpt":{"rendered":"","protected":false},"author":4,"featured_media":1142,"comment_status":"open","ping_status":"open","sticky":false,"template":"","format":"standard","meta":{"footnotes":""},"categories":[75,1],"tags":[211,210,55,28,222,236,68,70],"class_list":["post-1139","post","type-post","status-publish","format-standard","has-post-thumbnail","hentry","category-excursiones-de-invierno","category-sin-categoria","tag-actividades-de-nieve","tag-centro-de-esqui-bariloche","tag-cerro-catedral","tag-cerro-catedral-bariloche","tag-excursiones-en-bariloche","tag-paseos-en-bariloche","tag-ski","tag-snowboard"],"_links":{"self":[{"href":"https:\/\/beltway.tur.ar\/travel\/wp-json\/wp\/v2\/posts\/1139","targetHints":{"allow":["GET"]}}],"collection":[{"href":"https:\/\/beltway.tur.ar\/travel\/wp-json\/wp\/v2\/posts"}],"about":[{"href":"https:\/\/beltway.tur.ar\/travel\/wp-json\/wp\/v2\/types\/post"}],"author":[{"embeddable":true,"href":"https:\/\/beltway.tur.ar\/travel\/wp-json\/wp\/v2\/users\/4"}],"replies":[{"embeddable":true,"href":"https:\/\/beltway.tur.ar\/travel\/wp-json\/wp\/v2\/comments?post=1139"}],"version-history":[{"count":26,"href":"https:\/\/beltway.tur.ar\/travel\/wp-json\/wp\/v2\/posts\/1139\/revisions"}],"predecessor-version":[{"id":26235,"href":"https:\/\/beltway.tur.ar\/travel\/wp-json\/wp\/v2\/posts\/1139\/revisions\/26235"}],"wp:featuredmedia":[{"embeddable":true,"href":"https:\/\/beltway.tur.ar\/travel\/wp-json\/wp\/v2\/media\/1142"}],"wp:attachment":[{"href":"https:\/\/beltway.tur.ar\/travel\/wp-json\/wp\/v2\/media?parent=1139"}],"wp:term":[{"taxonomy":"category","embeddable":true,"href":"https:\/\/beltway.tur.ar\/travel\/wp-json\/wp\/v2\/categories?post=1139"},{"taxonomy":"post_tag","embeddable":true,"href":"https:\/\/beltway.tur.ar\/travel\/wp-json\/wp\/v2\/tags?post=1139"}],"curies":[{"name":"wp","href":"https:\/\/api.w.org\/{rel}","templated":true}]}}