{"id":1156,"date":"2018-09-16T22:17:29","date_gmt":"2018-09-16T22:17:29","guid":{"rendered":"http:\/\/c0530437.ferozo.com\/beltway\/?p=1156"},"modified":"2025-05-09T21:36:21","modified_gmt":"2025-05-09T21:36:21","slug":"villa-la-angostura-y-cerro-bayo","status":"publish","type":"post","link":"https:\/\/beltway.tur.ar\/travel\/villa-la-angostura-y-cerro-bayo\/","title":{"rendered":"Villa la Angostura y Cerro Bayo"},"content":{"rendered":"\n<style type=\"text\/css\" data-created_by=\"avia_inline_auto\" id=\"style-css-av-1062lgk-6f512968239458746a87b69ea36cd3dc\">\n.flex_column.av-1062lgk-6f512968239458746a87b69ea36cd3dc{\nborder-radius:0px 0px 0px 0px;\npadding:0px 0px 0px 0px;\n}\n<\/style>\n<div  class='flex_column av-1062lgk-6f512968239458746a87b69ea36cd3dc av_one_full  avia-builder-el-0  el_before_av_one_third  avia-builder-el-first  first flex_column_div av-zero-column-padding  '     ><style type=\"text\/css\" data-created_by=\"avia_inline_auto\" id=\"style-css-av-xl21mc-bfb4effb8501f93a81412bb055997f78\">\n.avia-accordion.av-xl21mc-bfb4effb8501f93a81412bb055997f78{\nmax-height:375px;\n}\n.avia-accordion.av-xl21mc-bfb4effb8501f93a81412bb055997f78 .aviaccordion-preview{\nwidth:17.1%;\n}\n#top .avia-accordion.av-xl21mc-bfb4effb8501f93a81412bb055997f78 .aviaccordion-title{\nfont-size:10px;\n}\n.avia-accordion .aviaccordion-slide.av-xl21mc-bfb4effb8501f93a81412bb055997f78__0{\nleft:0%;\n}\n.avia-accordion .aviaccordion-slide.av-xl21mc-bfb4effb8501f93a81412bb055997f78__1{\nleft:16.666666666667%;\n}\n.avia-accordion .aviaccordion-slide.av-xl21mc-bfb4effb8501f93a81412bb055997f78__2{\nleft:33.333333333333%;\n}\n.avia-accordion .aviaccordion-slide.av-xl21mc-bfb4effb8501f93a81412bb055997f78__3{\nleft:50%;\n}\n.avia-accordion .aviaccordion-slide.av-xl21mc-bfb4effb8501f93a81412bb055997f78__4{\nleft:66.666666666667%;\n}\n.avia-accordion .aviaccordion-slide.av-xl21mc-bfb4effb8501f93a81412bb055997f78__5{\nleft:83.333333333333%;\n}\n<\/style>\n<div  id=\"accordion_slider_1\"  class='aviaccordion avia-accordion av-xl21mc-bfb4effb8501f93a81412bb055997f78 aviaccordion-title-active av-slideshow-autoplay av-loop-endless ' data-slideshow-options=\"{&quot;interval&quot;:3,&quot;autoplay&quot;:true,&quot;loop_autoplay&quot;:&quot;endless&quot;}\"  itemscope=\"itemscope\" itemtype=\"https:\/\/schema.org\/Blog\" ><ul class=\"aviaccordion-inner\"><li class='aviaccordion-slide av-xl21mc-bfb4effb8501f93a81412bb055997f78__0 aviaccordion-slide-1' data-av-left='0'  itemscope=\"itemscope\" itemtype=\"https:\/\/schema.org\/BlogPosting\" itemprop=\"blogPost\" ><a class='aviaccordion-slide-link noHover' href=\"https:\/\/beltway.tur.ar\/travel\/wp-content\/uploads\/2017\/05\/nevada-007-sep-2015-1030x685.jpg\"  title=\"nevada-007-sep-2015\" ><div class='aviaccordion-preview '><\/div><img loading=\"lazy\" decoding=\"async\" width=\"710\" height=\"375\" src=\"https:\/\/beltway.tur.ar\/travel\/wp-content\/uploads\/2017\/05\/nevada-007-sep-2015-710x375.jpg\" class=\"aviaccordion-image\" alt=\"\" \/><\/a><\/li><li class='aviaccordion-slide av-xl21mc-bfb4effb8501f93a81412bb055997f78__1 aviaccordion-slide-2' data-av-left='16.666666666667'  itemscope=\"itemscope\" itemtype=\"https:\/\/schema.org\/BlogPosting\" itemprop=\"blogPost\" ><a class='aviaccordion-slide-link noHover' href=\"https:\/\/beltway.tur.ar\/travel\/wp-content\/uploads\/2017\/05\/nevada-001-sep-2015-1030x695.jpg\"  title=\"nevada-001-sep-2015\" ><div class='aviaccordion-preview '><\/div><img loading=\"lazy\" decoding=\"async\" width=\"710\" height=\"375\" src=\"https:\/\/beltway.tur.ar\/travel\/wp-content\/uploads\/2017\/05\/nevada-001-sep-2015-710x375.jpg\" class=\"aviaccordion-image\" alt=\"\" \/><\/a><\/li><li class='aviaccordion-slide av-xl21mc-bfb4effb8501f93a81412bb055997f78__2 aviaccordion-slide-3' data-av-left='33.333333333333'  itemscope=\"itemscope\" itemtype=\"https:\/\/schema.org\/BlogPosting\" itemprop=\"blogPost\" ><a class='aviaccordion-slide-link noHover' href=\"https:\/\/beltway.tur.ar\/travel\/wp-content\/uploads\/2016\/02\/Bayo-000-sep-2015-1030x603.jpg\"  title=\"Bayo-000-sep-2015\" ><div class='aviaccordion-preview '><\/div><img loading=\"lazy\" decoding=\"async\" width=\"710\" height=\"375\" src=\"https:\/\/beltway.tur.ar\/travel\/wp-content\/uploads\/2016\/02\/Bayo-000-sep-2015-710x375.jpg\" class=\"aviaccordion-image\" alt=\"\" \/><\/a><\/li><li class='aviaccordion-slide av-xl21mc-bfb4effb8501f93a81412bb055997f78__3 aviaccordion-slide-4' data-av-left='50'  itemscope=\"itemscope\" itemtype=\"https:\/\/schema.org\/BlogPosting\" itemprop=\"blogPost\" ><a class='aviaccordion-slide-link noHover' href=\"https:\/\/beltway.tur.ar\/travel\/wp-content\/uploads\/2017\/05\/turismo-nieve-invierno-2016-villa-la-angostura-centro-2016-1030x684.jpg\"  title=\"turismo-nieve-invierno-2016-villa-la-angostura-centro-2016\" ><div class='aviaccordion-preview '><\/div><img loading=\"lazy\" decoding=\"async\" width=\"710\" height=\"375\" src=\"https:\/\/beltway.tur.ar\/travel\/wp-content\/uploads\/2017\/05\/turismo-nieve-invierno-2016-villa-la-angostura-centro-2016-710x375.jpg\" class=\"aviaccordion-image\" alt=\"\" \/><\/a><\/li><li class='aviaccordion-slide av-xl21mc-bfb4effb8501f93a81412bb055997f78__4 aviaccordion-slide-5' data-av-left='66.666666666667'  itemscope=\"itemscope\" itemtype=\"https:\/\/schema.org\/BlogPosting\" itemprop=\"blogPost\" ><a class='aviaccordion-slide-link noHover' href=\"https:\/\/beltway.tur.ar\/travel\/wp-content\/uploads\/2017\/05\/CerroBayo-Vistas-35-1030x684.jpg\"  title=\"CerroBayo-Vistas-35\" ><div class='aviaccordion-preview '><\/div><img loading=\"lazy\" decoding=\"async\" width=\"710\" height=\"375\" src=\"https:\/\/beltway.tur.ar\/travel\/wp-content\/uploads\/2017\/05\/CerroBayo-Vistas-35-710x375.jpg\" class=\"aviaccordion-image\" alt=\"\" \/><\/a><\/li><li class='aviaccordion-slide av-xl21mc-bfb4effb8501f93a81412bb055997f78__5 aviaccordion-slide-6' data-av-left='83.333333333333'  itemscope=\"itemscope\" itemtype=\"https:\/\/schema.org\/BlogPosting\" itemprop=\"blogPost\" ><a class='aviaccordion-slide-link noHover' href=\"https:\/\/beltway.tur.ar\/travel\/wp-content\/uploads\/2017\/05\/Cerro-Bayo-invierno-nieve-2015-8-1030x686.jpg\"  title=\"Cerro-Bayo-invierno-nieve-2015-8\" ><div class='aviaccordion-preview '><\/div><img loading=\"lazy\" decoding=\"async\" width=\"710\" height=\"375\" src=\"https:\/\/beltway.tur.ar\/travel\/wp-content\/uploads\/2017\/05\/Cerro-Bayo-invierno-nieve-2015-8-710x375.jpg\" class=\"aviaccordion-image\" alt=\"\" \/><\/a><\/li><\/ul><div class='aviaccordion-spacer' style='padding-bottom:52.816901408451%'><\/div><\/div><\/div>\n\n<style type=\"text\/css\" data-created_by=\"avia_inline_auto\" id=\"style-css-av-mop690-848538db4f159acace76c50773ad0f64\">\n.flex_column.av-mop690-848538db4f159acace76c50773ad0f64{\nborder-radius:0px 0px 0px 0px;\npadding:0px 0px 0px 0px;\n}\n<\/style>\n<div  class='flex_column av-mop690-848538db4f159acace76c50773ad0f64 av_one_third  avia-builder-el-2  el_after_av_one_full  el_before_av_two_third  first flex_column_div av-zero-column-padding  column-top-margin'     ><div  class='av-catalogue-container av-kyivjo-2edef283b6463a1bf2b0ea9ab4609cb7  avia-builder-el-3  avia-builder-el-no-sibling '><ul class='av-catalogue-list'>\n<li><div class='av-catalogue-item av-ii9ktw-3baafd1a7b842b1d7e9eed843a59f530' ><div class=\"av-catalogue-item-inner\"><div class=\"av-catalogue-title-container\"><div class='av-catalogue-title'>Temporada<\/div><div class='av-catalogue-price'><\/div><\/div><div class=\"av-catalogue-content\">\nTodo el A\u00f1o<br \/>\n<\/div><\/div><\/div><\/li>\n<li><div class='av-catalogue-item av-he38xg-d779103013bf2046786421affb417f03' ><div class=\"av-catalogue-item-inner\"><div class=\"av-catalogue-title-container\"><div class='av-catalogue-title'>Duraci\u00f3n<\/div><div class='av-catalogue-price'><\/div><\/div><div class=\"av-catalogue-content\">\nTodo el D\u00eda<br \/>\n<\/div><\/div><\/div><\/li>\n<li><div class='av-catalogue-item av-fy0od0-b40fc191ccabc0cb4509b39c4b895a44' ><div class=\"av-catalogue-item-inner\"><div class=\"av-catalogue-title-container\"><div class='av-catalogue-title'>Qu\u00e9 Llevar<\/div><div class='av-catalogue-price'><\/div><\/div><div class=\"av-catalogue-content\">\nC\u00e1mara de Fotos<br \/>\n<\/div><\/div><\/div><\/li>\n<li><div class='av-catalogue-item av-eqpltg-18aea1a2c0130f9ae0b6262d10b0abba' ><div class=\"av-catalogue-item-inner\"><div class=\"av-catalogue-title-container\"><div class='av-catalogue-title'>Salidas<\/div><div class='av-catalogue-price'><\/div><\/div><div class=\"av-catalogue-content\">\n08:00 Hs.\u00a0Sujeto a las condiciones del camino.<br \/>\n<\/div><\/div><\/div><\/li>\n<\/ul><\/div><\/div>\n\n<style type=\"text\/css\" data-created_by=\"avia_inline_auto\" id=\"style-css-av-ckfyms-c4d2ebd81f5da98f87a97f7cc62c7da9\">\n.flex_column.av-ckfyms-c4d2ebd81f5da98f87a97f7cc62c7da9{\nborder-radius:0px 0px 0px 0px;\npadding:0px 0px 0px 0px;\n}\n<\/style>\n<div  class='flex_column av-ckfyms-c4d2ebd81f5da98f87a97f7cc62c7da9 av_two_third  avia-builder-el-4  el_after_av_one_third  el_before_av_two_fifth  flex_column_div av-zero-column-padding  column-top-margin'     ><section  class='av_textblock_section av-armxfo-802d0fa03e9bab4d1e3faa2a3094439c '   itemscope=\"itemscope\" itemtype=\"https:\/\/schema.org\/BlogPosting\" itemprop=\"blogPost\" ><div class='avia_textblock'  itemprop=\"text\" ><h2>Villa la Angostura y Cerro Bayo<\/h2>\n<div class=\"horario\">A pocos kil\u00f3metros de Bariloche se encuentra esta hermosa villa, rodeada de paisajes y vistas incomparables<\/div>\n<p>Esta villa ubicada a 90 km de Bariloche se caracteriza por su estilo de construcci\u00f3n en piedra y madera. Magn\u00edficos miradores, lagos, r\u00edos y el famoso Bosque de Arrayanes, forman parte de este pintoresco pueblo. Desde Bah\u00eda Mansa y Bah\u00eda Brava, parten los catamaranes que visitan el Bosque de Arrayanes. En invierno el Cerro Bayo, centro de esqu\u00ed, se convierte en el principal atractivo para cientos de personas que aman la actividad.<\/p>\n<\/div><\/section><br \/>\n<div  class='hr av-8x9ix0-dbeb82c9da492a23b93068dbcbd0bebb hr-default  avia-builder-el-6  el_after_av_textblock  avia-builder-el-last '><span class='hr-inner '><span class=\"hr-inner-style\"><\/span><\/span><\/div><\/p><\/div>\n\n<style type=\"text\/css\" data-created_by=\"avia_inline_auto\" id=\"style-css-av-7izgvo-377ad484da9a1297b677337877009a90\">\n.flex_column.av-7izgvo-377ad484da9a1297b677337877009a90{\nborder-radius:0px 0px 0px 0px;\npadding:0px 0px 0px 0px;\n}\n<\/style>\n<div  class='flex_column av-7izgvo-377ad484da9a1297b677337877009a90 av_two_fifth  avia-builder-el-7  el_after_av_two_third  el_before_av_one_full  first flex_column_div av-zero-column-padding  column-top-margin'     ><div  class='avia-video av-57gcpg-cb56fe255305a28b28a94d34cbcbc70c avia-video-16-9 av-no-preview-image avia-video-load-always avia-video-html5'  itemprop=\"video\" itemtype=\"https:\/\/schema.org\/VideoObject\"  data-original_url='https:\/\/beltway.tur.ar\/travel\/wp-content\/uploads\/2018\/04\/angostura.mp4'><video class='avia_video'    preload=\"auto\"  controls id='player_1156_1872782270_1236029738'><source src='https:\/\/beltway.tur.ar\/travel\/wp-content\/uploads\/2018\/04\/angostura.mp4' type='video\/mp4' \/><\/video><\/div><\/div>\n<style type=\"text\/css\" data-created_by=\"avia_inline_auto\" id=\"style-css-av-4wyhb8-2a5c6255f9de8e55382c0951725362c8\">\n.flex_column.av-4wyhb8-2a5c6255f9de8e55382c0951725362c8{\nborder-radius:0px 0px 0px 0px;\npadding:0px 0px 0px 0px;\n}\n<\/style>\n<div  class='flex_column av-4wyhb8-2a5c6255f9de8e55382c0951725362c8 av_one_full  avia-builder-el-9  el_after_av_two_fifth  avia-builder-el-last  first flex_column_div av-zero-column-padding  '     ><div  class='av-social-sharing-box av-2wpqro-d8b6dcba16f10086b12bad9facdd5c67 av-social-sharing-box-default  avia-builder-el-10  avia-builder-el-no-sibling  av-social-sharing-box-fullwidth'><div class=\"av-share-box\"><h5 class='av-share-link-description av-no-toc '>Compartir esta Excursi\u00f3n<\/h5><ul class=\"av-share-box-list noLightbox\"><li class='av-share-link av-social-link-facebook avia_social_iconfont' ><a target=\"_blank\" aria-label=\"Compartir en Facebook\" href='https:\/\/www.facebook.com\/sharer.php?u=https:\/\/beltway.tur.ar\/travel\/villa-la-angostura-y-cerro-bayo\/&#038;t=Villa%20la%20Angostura%20y%20Cerro%20Bayo' data-av_icon='\ue8f3' data-av_iconfont='entypo-fontello'  title='' data-avia-related-tooltip='Compartir en Facebook'><span class='avia_hidden_link_text'>Compartir en Facebook<\/span><\/a><\/li><li class='av-share-link av-social-link-twitter avia_social_iconfont' ><a target=\"_blank\" aria-label=\"Compartir en X\" href='https:\/\/twitter.com\/share?text=Villa%20la%20Angostura%20y%20Cerro%20Bayo&#038;url=https:\/\/beltway.tur.ar\/travel\/?p=1156' data-av_icon='\ue932' data-av_iconfont='entypo-fontello'  title='' data-avia-related-tooltip='Compartir en X'><span class='avia_hidden_link_text'>Compartir en X<\/span><\/a><\/li><li class='av-share-link av-social-link-pinterest avia_social_iconfont' ><a target=\"_blank\" aria-label=\"Compartir en Pinterest\" href='https:\/\/pinterest.com\/pin\/create\/button\/?url=https%3A%2F%2Fbeltway.tur.ar%2Ftravel%2Fvilla-la-angostura-y-cerro-bayo%2F&#038;description=Villa%20la%20Angostura%20y%20Cerro%20Bayo&#038;media=https%3A%2F%2Fbeltway.tur.ar%2Ftravel%2Fwp-content%2Fuploads%2F2017%2F05%2FBayo-000-sep-2015-e1527856881494-705x439.jpg' data-av_icon='\ue8f8' data-av_iconfont='entypo-fontello'  title='' data-avia-related-tooltip='Compartir en Pinterest'><span class='avia_hidden_link_text'>Compartir en Pinterest<\/span><\/a><\/li><li class='av-share-link av-social-link-mail avia_social_iconfont' ><a  aria-label=\"Compartir por correo\" href='mailto:?subject=Villa%20la%20Angostura%20y%20Cerro%20Bayo&#038;body=https:\/\/beltway.tur.ar\/travel\/villa-la-angostura-y-cerro-bayo\/' data-av_icon='\ue805' data-av_iconfont='entypo-fontello'  title='' data-avia-related-tooltip='Compartir por correo'><span class='avia_hidden_link_text'>Compartir por correo<\/span><\/a><\/li><\/ul><\/div><\/div><\/div><\/p>\n","protected":false},"excerpt":{"rendered":"","protected":false},"author":4,"featured_media":1159,"comment_status":"open","ping_status":"open","sticky":false,"template":"","format":"standard","meta":{"footnotes":""},"categories":[75,1],"tags":[179,72,222,236,180,33,71],"class_list":["post-1156","post","type-post","status-publish","format-standard","has-post-thumbnail","hentry","category-excursiones-de-invierno","category-sin-categoria","tag-bahia-manzano","tag-cerro-bayo","tag-excursiones-en-bariloche","tag-paseos-en-bariloche","tag-rio-correntoso","tag-tour","tag-villa-la-angostura"],"_links":{"self":[{"href":"https:\/\/beltway.tur.ar\/travel\/wp-json\/wp\/v2\/posts\/1156","targetHints":{"allow":["GET"]}}],"collection":[{"href":"https:\/\/beltway.tur.ar\/travel\/wp-json\/wp\/v2\/posts"}],"about":[{"href":"https:\/\/beltway.tur.ar\/travel\/wp-json\/wp\/v2\/types\/post"}],"author":[{"embeddable":true,"href":"https:\/\/beltway.tur.ar\/travel\/wp-json\/wp\/v2\/users\/4"}],"replies":[{"embeddable":true,"href":"https:\/\/beltway.tur.ar\/travel\/wp-json\/wp\/v2\/comments?post=1156"}],"version-history":[{"count":8,"href":"https:\/\/beltway.tur.ar\/travel\/wp-json\/wp\/v2\/posts\/1156\/revisions"}],"predecessor-version":[{"id":2485,"href":"https:\/\/beltway.tur.ar\/travel\/wp-json\/wp\/v2\/posts\/1156\/revisions\/2485"}],"wp:featuredmedia":[{"embeddable":true,"href":"https:\/\/beltway.tur.ar\/travel\/wp-json\/wp\/v2\/media\/1159"}],"wp:attachment":[{"href":"https:\/\/beltway.tur.ar\/travel\/wp-json\/wp\/v2\/media?parent=1156"}],"wp:term":[{"taxonomy":"category","embeddable":true,"href":"https:\/\/beltway.tur.ar\/travel\/wp-json\/wp\/v2\/categories?post=1156"},{"taxonomy":"post_tag","embeddable":true,"href":"https:\/\/beltway.tur.ar\/travel\/wp-json\/wp\/v2\/tags?post=1156"}],"curies":[{"name":"wp","href":"https:\/\/api.w.org\/{rel}","templated":true}]}}