{"id":1165,"date":"2018-04-10T22:20:15","date_gmt":"2018-04-10T22:20:15","guid":{"rendered":"http:\/\/c0530437.ferozo.com\/beltway\/?p=1165"},"modified":"2022-04-13T14:58:31","modified_gmt":"2022-04-13T14:58:31","slug":"winter-park","status":"publish","type":"post","link":"https:\/\/beltway.tur.ar\/travel\/winter-park\/","title":{"rendered":"Winter Park (ski principiante)"},"content":{"rendered":"\n<style type=\"text\/css\" data-created_by=\"avia_inline_auto\" id=\"style-css-av-av_one_full-6126cab7d8fab8d08143dd2dacdf673c\">\n.flex_column.av-av_one_full-6126cab7d8fab8d08143dd2dacdf673c{\nborder-radius:0px 0px 0px 0px;\npadding:0px 0px 0px 0px;\n}\n<\/style>\n<div  class='flex_column av-av_one_full-6126cab7d8fab8d08143dd2dacdf673c av_one_full  avia-builder-el-0  el_before_av_one_third  avia-builder-el-first  first flex_column_div av-zero-column-padding  '     ><style type=\"text\/css\" data-created_by=\"avia_inline_auto\" id=\"style-css-av-av_slideshow_accordion-c476b0f3a591701ab0d9872f54def44d\">\n.avia-accordion.av-av_slideshow_accordion-c476b0f3a591701ab0d9872f54def44d{\nmax-height:375px;\n}\n.avia-accordion.av-av_slideshow_accordion-c476b0f3a591701ab0d9872f54def44d .aviaccordion-preview{\nwidth:17.1%;\n}\n#top .avia-accordion.av-av_slideshow_accordion-c476b0f3a591701ab0d9872f54def44d .aviaccordion-title{\nfont-size:10px;\n}\n.avia-accordion .aviaccordion-slide.av-av_slideshow_accordion-c476b0f3a591701ab0d9872f54def44d__0{\nleft:0%;\n}\n.avia-accordion .aviaccordion-slide.av-av_slideshow_accordion-c476b0f3a591701ab0d9872f54def44d__1{\nleft:16.666666666667%;\n}\n.avia-accordion .aviaccordion-slide.av-av_slideshow_accordion-c476b0f3a591701ab0d9872f54def44d__2{\nleft:33.333333333333%;\n}\n.avia-accordion .aviaccordion-slide.av-av_slideshow_accordion-c476b0f3a591701ab0d9872f54def44d__3{\nleft:50%;\n}\n.avia-accordion .aviaccordion-slide.av-av_slideshow_accordion-c476b0f3a591701ab0d9872f54def44d__4{\nleft:66.666666666667%;\n}\n.avia-accordion .aviaccordion-slide.av-av_slideshow_accordion-c476b0f3a591701ab0d9872f54def44d__5{\nleft:83.333333333333%;\n}\n<\/style>\n<div  id=\"accordion_slider_1\"  class='aviaccordion avia-accordion av-av_slideshow_accordion-c476b0f3a591701ab0d9872f54def44d aviaccordion-title-active av-slideshow-autoplay av-loop-endless ' data-slideshow-options=\"{&quot;interval&quot;:3,&quot;autoplay&quot;:true,&quot;loop_autoplay&quot;:&quot;endless&quot;}\"  itemscope=\"itemscope\" itemtype=\"https:\/\/schema.org\/Blog\" ><ul class=\"aviaccordion-inner\"><li class='aviaccordion-slide av-av_slideshow_accordion-c476b0f3a591701ab0d9872f54def44d__0 aviaccordion-slide-1' data-av-left='0'  itemscope=\"itemscope\" itemtype=\"https:\/\/schema.org\/BlogPosting\" itemprop=\"blogPost\" ><a class='aviaccordion-slide-link noHover' href=\"https:\/\/beltway.tur.ar\/travel\/wp-content\/uploads\/2017\/05\/CD-CERO-SKI-201.jpg\"  title=\"CD-CERO-SKI-201\" ><div class='aviaccordion-preview '><\/div><img loading=\"lazy\" decoding=\"async\" width=\"710\" height=\"375\" src=\"https:\/\/beltway.tur.ar\/travel\/wp-content\/uploads\/2017\/05\/CD-CERO-SKI-201-710x375.jpg\" class=\"aviaccordion-image\" alt=\"\" \/><\/a><\/li><li class='aviaccordion-slide av-av_slideshow_accordion-c476b0f3a591701ab0d9872f54def44d__1 aviaccordion-slide-2' data-av-left='16.666666666667'  itemscope=\"itemscope\" itemtype=\"https:\/\/schema.org\/BlogPosting\" itemprop=\"blogPost\" ><a class='aviaccordion-slide-link noHover' href=\"https:\/\/beltway.tur.ar\/travel\/wp-content\/uploads\/2017\/05\/CD-CERO-SKI-146-1030x684.jpg\"  title=\"CD-CERO-SKI-146\" ><div class='aviaccordion-preview '><\/div><img loading=\"lazy\" decoding=\"async\" width=\"710\" height=\"375\" src=\"https:\/\/beltway.tur.ar\/travel\/wp-content\/uploads\/2017\/05\/CD-CERO-SKI-146-710x375.jpg\" class=\"aviaccordion-image\" alt=\"\" \/><\/a><\/li><li class='aviaccordion-slide av-av_slideshow_accordion-c476b0f3a591701ab0d9872f54def44d__2 aviaccordion-slide-3' data-av-left='33.333333333333'  itemscope=\"itemscope\" itemtype=\"https:\/\/schema.org\/BlogPosting\" itemprop=\"blogPost\" ><a class='aviaccordion-slide-link noHover' href=\"https:\/\/beltway.tur.ar\/travel\/wp-content\/uploads\/2017\/05\/13435536_1289156441113065_676193477777376844_n.jpg\"  title=\"13435536_1289156441113065_676193477777376844_n\" ><div class='aviaccordion-preview '><\/div><img loading=\"lazy\" decoding=\"async\" width=\"710\" height=\"375\" src=\"https:\/\/beltway.tur.ar\/travel\/wp-content\/uploads\/2017\/05\/13435536_1289156441113065_676193477777376844_n-710x375.jpg\" class=\"aviaccordion-image\" alt=\"\" \/><\/a><\/li><li class='aviaccordion-slide av-av_slideshow_accordion-c476b0f3a591701ab0d9872f54def44d__3 aviaccordion-slide-4' data-av-left='50'  itemscope=\"itemscope\" itemtype=\"https:\/\/schema.org\/BlogPosting\" itemprop=\"blogPost\" ><a class='aviaccordion-slide-link noHover' href=\"https:\/\/beltway.tur.ar\/travel\/wp-content\/uploads\/2017\/05\/282446_249555585073161_2689326_n.jpg\"  title=\"282446_249555585073161_2689326_n\" ><div class='aviaccordion-preview '><\/div><img loading=\"lazy\" decoding=\"async\" width=\"710\" height=\"375\" src=\"https:\/\/beltway.tur.ar\/travel\/wp-content\/uploads\/2017\/05\/282446_249555585073161_2689326_n-710x375.jpg\" class=\"aviaccordion-image\" alt=\"\" \/><\/a><\/li><li class='aviaccordion-slide av-av_slideshow_accordion-c476b0f3a591701ab0d9872f54def44d__4 aviaccordion-slide-5' data-av-left='66.666666666667'  itemscope=\"itemscope\" itemtype=\"https:\/\/schema.org\/BlogPosting\" itemprop=\"blogPost\" ><a class='aviaccordion-slide-link noHover' href=\"https:\/\/beltway.tur.ar\/travel\/wp-content\/uploads\/2017\/05\/CD-CERO-SKI-268-1030x684.jpg\"  title=\"CD-CERO-SKI-268\" ><div class='aviaccordion-preview '><\/div><img loading=\"lazy\" decoding=\"async\" width=\"710\" height=\"375\" src=\"https:\/\/beltway.tur.ar\/travel\/wp-content\/uploads\/2017\/05\/CD-CERO-SKI-268-710x375.jpg\" class=\"aviaccordion-image\" alt=\"\" \/><\/a><\/li><li class='aviaccordion-slide av-av_slideshow_accordion-c476b0f3a591701ab0d9872f54def44d__5 aviaccordion-slide-6' data-av-left='83.333333333333'  itemscope=\"itemscope\" itemtype=\"https:\/\/schema.org\/BlogPosting\" itemprop=\"blogPost\" ><a class='aviaccordion-slide-link noHover' href=\"https:\/\/beltway.tur.ar\/travel\/wp-content\/uploads\/2017\/05\/CD-CERO-SKI-229.jpg\"  title=\"CD-CERO-SKI-229\" ><div class='aviaccordion-preview '><\/div><img loading=\"lazy\" decoding=\"async\" width=\"710\" height=\"375\" src=\"https:\/\/beltway.tur.ar\/travel\/wp-content\/uploads\/2017\/05\/CD-CERO-SKI-229-710x375.jpg\" class=\"aviaccordion-image\" alt=\"\" \/><\/a><\/li><\/ul><div class='aviaccordion-spacer' style='padding-bottom:52.816901408451%'><\/div><\/div><\/div>\n<style type=\"text\/css\" data-created_by=\"avia_inline_auto\" id=\"style-css-av-av_one_third-6126cab7d8fab8d08143dd2dacdf673c\">\n.flex_column.av-av_one_third-6126cab7d8fab8d08143dd2dacdf673c{\nborder-radius:0px 0px 0px 0px;\npadding:0px 0px 0px 0px;\n}\n<\/style>\n<div  class='flex_column av-av_one_third-6126cab7d8fab8d08143dd2dacdf673c av_one_third  avia-builder-el-2  el_after_av_one_full  el_before_av_two_third  first flex_column_div av-zero-column-padding  column-top-margin'     ><div  class='av-catalogue-container av-av_catalogue-7bea2df44558fbd9a19bbfcd77d7f0ff  avia-builder-el-3  avia-builder-el-no-sibling '><ul class='av-catalogue-list'>\n<li><div class='av-catalogue-item av-av_catalogue_item-9131dad363660c8feba8fb051c800c3b' ><div class=\"av-catalogue-item-inner\"><div class=\"av-catalogue-title-container\"><div class='av-catalogue-title'>Temporada<\/div><div class='av-catalogue-price'><\/div><\/div><div class=\"av-catalogue-content\">\nDe Julio a Septiembre<br \/>\n<\/div><\/div><\/div><\/li>\n<li><div class='av-catalogue-item av-av_catalogue_item-2a8836ed6cb2582ae7f2ded598fcfa2a' ><div class=\"av-catalogue-item-inner\"><div class=\"av-catalogue-title-container\"><div class='av-catalogue-title'>Duraci\u00f3n<\/div><div class='av-catalogue-price'><\/div><\/div><div class=\"av-catalogue-content\">\nMedio D\u00eda o D\u00eda Completo<br \/>\n<\/div><\/div><\/div><\/li>\n<li><div class='av-catalogue-item av-av_catalogue_item-2ea03544f099c98501ac310f91152c55' ><div class=\"av-catalogue-item-inner\"><div class=\"av-catalogue-title-container\"><div class='av-catalogue-title'>Qu\u00e9 Llevar<\/div><div class='av-catalogue-price'><\/div><\/div><div class=\"av-catalogue-content\">\nRopa abrigada e\u00a0impermeable.<br \/>\n<\/div><\/div><\/div><\/li>\n<li><div class='av-catalogue-item av-av_catalogue_item-d95a7189e68ad208af8ca06ae365564d' ><div class=\"av-catalogue-item-inner\"><div class=\"av-catalogue-title-container\"><div class='av-catalogue-title'>Salidas<\/div><div class='av-catalogue-price'><\/div><\/div><div class=\"av-catalogue-content\">\nTodos los D\u00edas<br \/>\n<\/div><\/div><\/div><\/li>\n<\/ul><\/div><\/div><\/p>\n\n<style type=\"text\/css\" data-created_by=\"avia_inline_auto\" id=\"style-css-av-av_two_third-0aa7055fe62c3622faec82866afbaeb2\">\n.flex_column.av-av_two_third-0aa7055fe62c3622faec82866afbaeb2{\nborder-radius:0px 0px 0px 0px;\npadding:0px 0px 0px 0px;\n}\n<\/style>\n<div  class='flex_column av-av_two_third-0aa7055fe62c3622faec82866afbaeb2 av_two_third  avia-builder-el-4  el_after_av_one_third  el_before_av_one_full  flex_column_div av-zero-column-padding  column-top-margin'     ><section  class='av_textblock_section av-av_textblock-396ddf1f42196ca838231e61a4602801 '   itemscope=\"itemscope\" itemtype=\"https:\/\/schema.org\/BlogPosting\" itemprop=\"blogPost\" ><div class='avia_textblock'  itemprop=\"text\" ><h2>Winter Park<\/h2>\n<p>Este parque se encuentra ubicado a solo 5km del radio c\u00e9ntrico de la ciudad de San Carlos de Bariloche, m\u00e1s espec\u00edficamente en la ladera del Cerro Otto.<\/p>\n<p>Es ideal para quien desea aprender a esquiar o simplemente quiere disfrutar de la nieve con la familia, rodeado del entorno natural que el cerro ofrece.<\/p>\n<\/div><\/section><br \/>\n<div  class='hr av-av_hr-dcd2069817a0e3d34ae04cad8f3443c7 hr-default  avia-builder-el-6  el_after_av_textblock  avia-builder-el-last '><span class='hr-inner '><span class=\"hr-inner-style\"><\/span><\/span><\/div><\/p><\/div>\n\n<style type=\"text\/css\" data-created_by=\"avia_inline_auto\" id=\"style-css-av-av_one_full-6126cab7d8fab8d08143dd2dacdf673c\">\n.flex_column.av-av_one_full-6126cab7d8fab8d08143dd2dacdf673c{\nborder-radius:0px 0px 0px 0px;\npadding:0px 0px 0px 0px;\n}\n<\/style>\n<div  class='flex_column av-av_one_full-6126cab7d8fab8d08143dd2dacdf673c av_one_full  avia-builder-el-7  el_after_av_two_third  el_before_av_three_fifth  first flex_column_div av-zero-column-padding  column-top-margin'     ><div  class='av-social-sharing-box av-av_social_share-7004b35396bd6dc3bfc91a5692fc98e2 av-social-sharing-box-default  avia-builder-el-8  avia-builder-el-no-sibling  av-social-sharing-box-fullwidth'><div class=\"av-share-box\"><h5 class='av-share-link-description av-no-toc '>Compartir esta Excursi\u00f3n<\/h5><ul class=\"av-share-box-list noLightbox\"><li class='av-share-link av-social-link-facebook avia_social_iconfont' ><a target=\"_blank\" aria-label=\"Compartir en Facebook\" href='https:\/\/www.facebook.com\/sharer.php?u=https:\/\/beltway.tur.ar\/travel\/winter-park\/&#038;t=Winter%20Park%20%28ski%20principiante%29' data-av_icon='\ue8f3' data-av_iconfont='entypo-fontello'  title='' data-avia-related-tooltip='Compartir en Facebook'><span class='avia_hidden_link_text'>Compartir en Facebook<\/span><\/a><\/li><li class='av-share-link av-social-link-twitter avia_social_iconfont' ><a target=\"_blank\" aria-label=\"Compartir en X\" href='https:\/\/twitter.com\/share?text=Winter%20Park%20%28ski%20principiante%29&#038;url=https:\/\/beltway.tur.ar\/travel\/?p=1165' data-av_icon='\ue932' data-av_iconfont='entypo-fontello'  title='' data-avia-related-tooltip='Compartir en X'><span class='avia_hidden_link_text'>Compartir en X<\/span><\/a><\/li><li class='av-share-link av-social-link-pinterest avia_social_iconfont' ><a target=\"_blank\" aria-label=\"Compartir en Pinterest\" href='https:\/\/pinterest.com\/pin\/create\/button\/?url=https%3A%2F%2Fbeltway.tur.ar%2Ftravel%2Fwinter-park%2F&#038;description=Winter%20Park%20%28ski%20principiante%29&#038;media=https%3A%2F%2Fbeltway.tur.ar%2Ftravel%2Fwp-content%2Fuploads%2F2017%2F05%2FCD-CERO-SKI-268-705x468.jpg' data-av_icon='\ue8f8' data-av_iconfont='entypo-fontello'  title='' data-avia-related-tooltip='Compartir en Pinterest'><span class='avia_hidden_link_text'>Compartir en Pinterest<\/span><\/a><\/li><li class='av-share-link av-social-link-mail avia_social_iconfont' ><a  aria-label=\"Compartir por correo\" href='mailto:?subject=Winter%20Park%20%28ski%20principiante%29&#038;body=https:\/\/beltway.tur.ar\/travel\/winter-park\/' data-av_icon='\ue805' data-av_iconfont='entypo-fontello'  title='' data-avia-related-tooltip='Compartir por correo'><span class='avia_hidden_link_text'>Compartir por correo<\/span><\/a><\/li><\/ul><\/div><\/div><\/div>\n\n<style type=\"text\/css\" data-created_by=\"avia_inline_auto\" id=\"style-css-av-av_three_fifth-6126cab7d8fab8d08143dd2dacdf673c\">\n.flex_column.av-av_three_fifth-6126cab7d8fab8d08143dd2dacdf673c{\nborder-radius:0px 0px 0px 0px;\npadding:0px 0px 0px 0px;\n}\n<\/style>\n<div  class='flex_column av-av_three_fifth-6126cab7d8fab8d08143dd2dacdf673c av_three_fifth  avia-builder-el-9  el_after_av_one_full  avia-builder-el-last  first flex_column_div av-zero-column-padding  column-top-margin'     ><\/div>\n","protected":false},"excerpt":{"rendered":"","protected":false},"author":4,"featured_media":1167,"comment_status":"open","ping_status":"open","sticky":false,"template":"","format":"standard","meta":{"footnotes":""},"categories":[75],"tags":[76,222,236,201,199,200],"class_list":["post-1165","post","type-post","status-publish","format-standard","has-post-thumbnail","hentry","category-excursiones-de-invierno","tag-esqui","tag-excursiones-en-bariloche","tag-paseos-en-bariloche","tag-ski-en-cerro-otto","tag-ski-principiante","tag-winter-park"],"_links":{"self":[{"href":"https:\/\/beltway.tur.ar\/travel\/wp-json\/wp\/v2\/posts\/1165","targetHints":{"allow":["GET"]}}],"collection":[{"href":"https:\/\/beltway.tur.ar\/travel\/wp-json\/wp\/v2\/posts"}],"about":[{"href":"https:\/\/beltway.tur.ar\/travel\/wp-json\/wp\/v2\/types\/post"}],"author":[{"embeddable":true,"href":"https:\/\/beltway.tur.ar\/travel\/wp-json\/wp\/v2\/users\/4"}],"replies":[{"embeddable":true,"href":"https:\/\/beltway.tur.ar\/travel\/wp-json\/wp\/v2\/comments?post=1165"}],"version-history":[{"count":8,"href":"https:\/\/beltway.tur.ar\/travel\/wp-json\/wp\/v2\/posts\/1165\/revisions"}],"predecessor-version":[{"id":2365,"href":"https:\/\/beltway.tur.ar\/travel\/wp-json\/wp\/v2\/posts\/1165\/revisions\/2365"}],"wp:featuredmedia":[{"embeddable":true,"href":"https:\/\/beltway.tur.ar\/travel\/wp-json\/wp\/v2\/media\/1167"}],"wp:attachment":[{"href":"https:\/\/beltway.tur.ar\/travel\/wp-json\/wp\/v2\/media?parent=1165"}],"wp:term":[{"taxonomy":"category","embeddable":true,"href":"https:\/\/beltway.tur.ar\/travel\/wp-json\/wp\/v2\/categories?post=1165"},{"taxonomy":"post_tag","embeddable":true,"href":"https:\/\/beltway.tur.ar\/travel\/wp-json\/wp\/v2\/tags?post=1165"}],"curies":[{"name":"wp","href":"https:\/\/api.w.org\/{rel}","templated":true}]}}