{"id":1405,"date":"2017-10-25T15:20:34","date_gmt":"2017-10-25T15:20:34","guid":{"rendered":"http:\/\/beltway.tur.ar\/travel\/?p=1405"},"modified":"2025-05-09T21:22:57","modified_gmt":"2025-05-09T21:22:57","slug":"rafting-rio-villegas-y-rio-manso","status":"publish","type":"post","link":"https:\/\/beltway.tur.ar\/travel\/rafting-rio-villegas-y-rio-manso\/","title":{"rendered":"Rafting Villegas y Frontera"},"content":{"rendered":"\n<style type=\"text\/css\" data-created_by=\"avia_inline_auto\" id=\"style-css-av-za11vh-8b2fbf1a3b8a248643cb112f3cae3d8d\">\n.flex_column.av-za11vh-8b2fbf1a3b8a248643cb112f3cae3d8d{\nborder-radius:0px 0px 0px 0px;\npadding:0px 0px 0px 0px;\n}\n<\/style>\n<div  class='flex_column av-za11vh-8b2fbf1a3b8a248643cb112f3cae3d8d av_one_full  avia-builder-el-0  el_before_av_one_third  avia-builder-el-first  first flex_column_div av-zero-column-padding  '     ><style type=\"text\/css\" data-created_by=\"avia_inline_auto\" id=\"style-css-av-xmaugt-f795836dd71b430c82da25b4ec14f4ee\">\n.avia-accordion.av-xmaugt-f795836dd71b430c82da25b4ec14f4ee{\nmax-height:375px;\n}\n.avia-accordion.av-xmaugt-f795836dd71b430c82da25b4ec14f4ee .aviaccordion-preview{\nwidth:20.1%;\n}\n#top .avia-accordion.av-xmaugt-f795836dd71b430c82da25b4ec14f4ee .aviaccordion-title{\nfont-size:10px;\n}\n.avia-accordion .aviaccordion-slide.av-xmaugt-f795836dd71b430c82da25b4ec14f4ee__0{\nleft:0%;\n}\n.avia-accordion .aviaccordion-slide.av-xmaugt-f795836dd71b430c82da25b4ec14f4ee__1{\nleft:20%;\n}\n.avia-accordion .aviaccordion-slide.av-xmaugt-f795836dd71b430c82da25b4ec14f4ee__2{\nleft:40%;\n}\n.avia-accordion .aviaccordion-slide.av-xmaugt-f795836dd71b430c82da25b4ec14f4ee__3{\nleft:60%;\n}\n.avia-accordion .aviaccordion-slide.av-xmaugt-f795836dd71b430c82da25b4ec14f4ee__4{\nleft:80%;\n}\n<\/style>\n<div  id=\"accordion_slider_1\"  class='aviaccordion avia-accordion av-xmaugt-f795836dd71b430c82da25b4ec14f4ee aviaccordion-title-active av-slideshow-autoplay av-loop-endless ' data-slideshow-options=\"{&quot;interval&quot;:3,&quot;autoplay&quot;:true,&quot;loop_autoplay&quot;:&quot;endless&quot;}\"  itemscope=\"itemscope\" itemtype=\"https:\/\/schema.org\/Blog\" ><ul class=\"aviaccordion-inner\"><li class='aviaccordion-slide av-xmaugt-f795836dd71b430c82da25b4ec14f4ee__0 aviaccordion-slide-1' data-av-left='0'  itemscope=\"itemscope\" itemtype=\"https:\/\/schema.org\/BlogPosting\" itemprop=\"blogPost\" ><a class='aviaccordion-slide-link noHover' href=\"https:\/\/beltway.tur.ar\/travel\/wp-content\/uploads\/2017\/10\/PHOTO-2024-10-10-08-28-54-3-min-1030x687.jpg\"  title=\"PHOTO-2024-10-10-08-28-54 3-min\" ><div class='aviaccordion-preview '><\/div><img loading=\"lazy\" decoding=\"async\" width=\"710\" height=\"375\" src=\"https:\/\/beltway.tur.ar\/travel\/wp-content\/uploads\/2017\/10\/PHOTO-2024-10-10-08-28-54-3-min-710x375.jpg\" class=\"aviaccordion-image\" alt=\"\" \/><\/a><\/li><li class='aviaccordion-slide av-xmaugt-f795836dd71b430c82da25b4ec14f4ee__1 aviaccordion-slide-2' data-av-left='20'  itemscope=\"itemscope\" itemtype=\"https:\/\/schema.org\/BlogPosting\" itemprop=\"blogPost\" ><a class='aviaccordion-slide-link noHover' href=\"https:\/\/beltway.tur.ar\/travel\/wp-content\/uploads\/2017\/10\/PHOTO-2024-10-10-08-28-54-min-1030x687.jpg\"  title=\"PHOTO-2024-10-10-08-28-54-min\" ><div class='aviaccordion-preview '><\/div><img loading=\"lazy\" decoding=\"async\" width=\"710\" height=\"375\" src=\"https:\/\/beltway.tur.ar\/travel\/wp-content\/uploads\/2017\/10\/PHOTO-2024-10-10-08-28-54-min-710x375.jpg\" class=\"aviaccordion-image\" alt=\"\" \/><\/a><\/li><li class='aviaccordion-slide av-xmaugt-f795836dd71b430c82da25b4ec14f4ee__2 aviaccordion-slide-3' data-av-left='40'  itemscope=\"itemscope\" itemtype=\"https:\/\/schema.org\/BlogPosting\" itemprop=\"blogPost\" ><a class='aviaccordion-slide-link noHover' href=\"https:\/\/beltway.tur.ar\/travel\/wp-content\/uploads\/2017\/10\/PHOTO-2024-10-10-08-28-55-min-1030x687.jpg\"  title=\"PHOTO-2024-10-10-08-28-55-min\" ><div class='aviaccordion-preview '><\/div><img loading=\"lazy\" decoding=\"async\" width=\"710\" height=\"375\" src=\"https:\/\/beltway.tur.ar\/travel\/wp-content\/uploads\/2017\/10\/PHOTO-2024-10-10-08-28-55-min-710x375.jpg\" class=\"aviaccordion-image\" alt=\"\" \/><\/a><\/li><li class='aviaccordion-slide av-xmaugt-f795836dd71b430c82da25b4ec14f4ee__3 aviaccordion-slide-4' data-av-left='60'  itemscope=\"itemscope\" itemtype=\"https:\/\/schema.org\/BlogPosting\" itemprop=\"blogPost\" ><a class='aviaccordion-slide-link noHover' href=\"https:\/\/beltway.tur.ar\/travel\/wp-content\/uploads\/2017\/10\/PHOTO-2024-10-10-08-28-56-min-1030x688.jpg\"  title=\"PHOTO-2024-10-10-08-28-56-min\" ><div class='aviaccordion-preview '><\/div><img loading=\"lazy\" decoding=\"async\" width=\"710\" height=\"375\" src=\"https:\/\/beltway.tur.ar\/travel\/wp-content\/uploads\/2017\/10\/PHOTO-2024-10-10-08-28-56-min-710x375.jpg\" class=\"aviaccordion-image\" alt=\"\" \/><\/a><\/li><li class='aviaccordion-slide av-xmaugt-f795836dd71b430c82da25b4ec14f4ee__4 aviaccordion-slide-5' data-av-left='80'  itemscope=\"itemscope\" itemtype=\"https:\/\/schema.org\/BlogPosting\" itemprop=\"blogPost\" ><a class='aviaccordion-slide-link noHover' href=\"https:\/\/beltway.tur.ar\/travel\/wp-content\/uploads\/2017\/10\/PHOTO-2024-10-10-08-28-54-2-min-1030x687.jpg\"  title=\"PHOTO-2024-10-10-08-28-54 2-min\" ><div class='aviaccordion-preview '><\/div><img loading=\"lazy\" decoding=\"async\" width=\"710\" height=\"375\" src=\"https:\/\/beltway.tur.ar\/travel\/wp-content\/uploads\/2017\/10\/PHOTO-2024-10-10-08-28-54-2-min-710x375.jpg\" class=\"aviaccordion-image\" alt=\"\" \/><\/a><\/li><\/ul><div class='aviaccordion-spacer' style='padding-bottom:52.816901408451%'><\/div><\/div><\/div>\n\n<style type=\"text\/css\" data-created_by=\"avia_inline_auto\" id=\"style-css-av-o40yi5-c6168cbe6c8c0322f5209c5755ffd6f1\">\n.flex_column.av-o40yi5-c6168cbe6c8c0322f5209c5755ffd6f1{\nborder-radius:0px 0px 0px 0px;\npadding:0px 0px 0px 0px;\n}\n<\/style>\n<div  class='flex_column av-o40yi5-c6168cbe6c8c0322f5209c5755ffd6f1 av_one_third  avia-builder-el-2  el_after_av_one_full  el_before_av_two_third  first flex_column_div av-zero-column-padding  column-top-margin'     ><div  class='av-catalogue-container av-m3t3erxq-1c2a95a4c3623a277555a298cf1aad4f  avia-builder-el-3  avia-builder-el-no-sibling '><ul class='av-catalogue-list'>\n<li><div class='av-catalogue-item av-72d9kt-71b8ec035f161f9bf5faf979b5cea4bb' ><div class=\"av-catalogue-item-inner\"><div class=\"av-catalogue-title-container\"><div class='av-catalogue-title'>Temporada<\/div><div class='av-catalogue-price'><\/div><\/div><div class=\"av-catalogue-content\">\nPrimavera\/Verano<br \/>\n<\/div><\/div><\/div><\/li>\n<li><div class='av-catalogue-item av-59f371-78afc96cc00e1a59ce07e9864bfdd73e' ><div class=\"av-catalogue-item-inner\"><div class=\"av-catalogue-title-container\"><div class='av-catalogue-title'>Duraci\u00f3n<\/div><div class='av-catalogue-price'><\/div><\/div><div class=\"av-catalogue-content\">\nMedio D\u00eda o D\u00eda Entero<br \/>\n<\/div><\/div><\/div><\/li>\n<li><div class='av-catalogue-item av-4l9j6l-0e632bf3b2dcdc98fceca4a8122c6401' ><div class=\"av-catalogue-item-inner\"><div class=\"av-catalogue-title-container\"><div class='av-catalogue-title'>Qu\u00e9 Llevar<\/div><div class='av-catalogue-price'><\/div><\/div><div class=\"av-catalogue-content\">\nRopa c\u00f3moda y muda de ropa.<br \/>\n<\/div><\/div><\/div><\/li>\n<li><div class='av-catalogue-item av-32e0ct-b1f018f2de90182a195e9c7452d88d7e' ><div class=\"av-catalogue-item-inner\"><div class=\"av-catalogue-title-container\"><div class='av-catalogue-title'>Salidas<\/div><div class='av-catalogue-price'><\/div><\/div><div class=\"av-catalogue-content\">\nConsultar<br \/>\n<\/div><\/div><\/div><\/li>\n<\/ul><\/div><\/div>\n\n<style type=\"text\/css\" data-created_by=\"avia_inline_auto\" id=\"style-css-av-dfsv99-21eb3f6264b9a4b926349203df12fc81\">\n.flex_column.av-dfsv99-21eb3f6264b9a4b926349203df12fc81{\nborder-radius:0px 0px 0px 0px;\npadding:0px 0px 0px 0px;\n}\n<\/style>\n<div  class='flex_column av-dfsv99-21eb3f6264b9a4b926349203df12fc81 av_two_third  avia-builder-el-4  el_after_av_one_third  el_before_av_two_fifth  flex_column_div av-zero-column-padding  column-top-margin'     ><section  class='av_textblock_section av-c7e58t-a2f92855ab1806d8dbda71f901950576 '   itemscope=\"itemscope\" itemtype=\"https:\/\/schema.org\/BlogPosting\" itemprop=\"blogPost\" ><div class='avia_textblock'  itemprop=\"text\" ><h2>Rafting Rio Manso<\/h2>\n<p>Rafting en el coraz\u00f3n de los Andes. Lleg\u00e1 al l\u00edmite con Chile navegando los mejores r\u00e1pidos a trav\u00e9s de estrechos ca\u00f1ones rodeados de una exuberante vegetaci\u00f3n.\u00a0En esta excursi\u00f3n viv\u00eds toda la emoci\u00f3n de un r\u00edo de monta\u00f1a.<\/p>\n<p>Diversi\u00f3n en Familia! Ideal para dar los primeros pasos en r\u00edos de monta\u00f1a y disfrutar de emocionantes r\u00e1pidos, playas de arena, y todo el esplendor de los bosques Andino-Patag\u00f3nicos.<\/p>\n<p>descubr\u00ed las distintas modalidad que tiene el Rio Manso<\/p>\n<p><strong>Experiencia\u00a0 Rafting Villegas<\/strong><\/p>\n<p>&#8211; Duraci\u00f3n: 9hs a 15:30hs \/12hs a 18.30hs aprox<\/p>\n<p>&#8211; Nivel: Bajo (II-III)<\/p>\n<p>&#8211; Tiempo de actividad: 1:30 Hs aprox.<\/p>\n<p>incluye: traslado, gu\u00eda, equipamiento, refrigerio<\/p>\n<p><strong>Rafting\u00a0Frontera<\/strong><\/p>\n<p>&#8211; Duraci\u00f3n: 08:00 hs a 17:00 hs \/ 12hs a 20hs<\/p>\n<p>&#8211; Nivel: Medio (III-IV)<\/p>\n<p>&#8211; Tiempo de actividad: 02:00 hs aprox.<\/p>\n<p>incluye: traslado, guia, equipamiento, Almuerzo<\/p>\n<\/div><\/section><br \/>\n<div  class='hr av-bg07f1-05c2149d4f59f887c3a7b7155f5be358 hr-default  avia-builder-el-6  el_after_av_textblock  avia-builder-el-last '><span class='hr-inner '><span class=\"hr-inner-style\"><\/span><\/span><\/div><\/p><\/div>\n\n<style type=\"text\/css\" data-created_by=\"avia_inline_auto\" id=\"style-css-av-9edbbh-2db6f9d36e13037e4130afee8af5372d\">\n.flex_column.av-9edbbh-2db6f9d36e13037e4130afee8af5372d{\nborder-radius:0px 0px 0px 0px;\npadding:0px 0px 0px 0px;\n}\n<\/style>\n<div  class='flex_column av-9edbbh-2db6f9d36e13037e4130afee8af5372d av_two_fifth  avia-builder-el-7  el_after_av_two_third  el_before_av_one_full  first flex_column_div av-zero-column-padding  column-top-margin'     ><div  class='avia-video av-7xqt5p-e2bf3c3aaf30f48687e698e859b4aff2 avia-video-16-9 av-no-preview-image avia-video-load-always avia-video-html5'  itemprop=\"video\" itemtype=\"https:\/\/schema.org\/VideoObject\"  data-original_url='https:\/\/beltway.tur.ar\/travel\/wp-content\/uploads\/2018\/04\/rafting.mp4'><video class='avia_video'    preload=\"auto\"  controls id='player_1405_310488358_581573586'><source src='https:\/\/beltway.tur.ar\/travel\/wp-content\/uploads\/2018\/04\/rafting.mp4' type='video\/mp4' \/><\/video><\/div><\/div>\n<style type=\"text\/css\" data-created_by=\"avia_inline_auto\" id=\"style-css-av-67e2z1-97e055ed6756e725d0e63d445b639935\">\n.flex_column.av-67e2z1-97e055ed6756e725d0e63d445b639935{\nborder-radius:0px 0px 0px 0px;\npadding:0px 0px 0px 0px;\n}\n<\/style>\n<div  class='flex_column av-67e2z1-97e055ed6756e725d0e63d445b639935 av_one_full  avia-builder-el-9  el_after_av_two_fifth  el_before_av_three_fifth  first flex_column_div av-zero-column-padding  '     ><div  class='av-social-sharing-box av-4hxi71-f7ec1612032b73cf0d81211ed94ae67c av-social-sharing-box-default  avia-builder-el-10  avia-builder-el-no-sibling  av-social-sharing-box-fullwidth'><div class=\"av-share-box\"><h5 class='av-share-link-description av-no-toc '>Compartir esta Excursi\u00f3n<\/h5><ul class=\"av-share-box-list noLightbox\"><li class='av-share-link av-social-link-facebook avia_social_iconfont' ><a target=\"_blank\" aria-label=\"Compartir en Facebook\" href='https:\/\/www.facebook.com\/sharer.php?u=https:\/\/beltway.tur.ar\/travel\/rafting-rio-villegas-y-rio-manso\/&#038;t=Rafting%20Villegas%20y%20Frontera' data-av_icon='\ue8f3' data-av_iconfont='entypo-fontello'  title='' data-avia-related-tooltip='Compartir en Facebook'><span class='avia_hidden_link_text'>Compartir en Facebook<\/span><\/a><\/li><li class='av-share-link av-social-link-twitter avia_social_iconfont' ><a target=\"_blank\" aria-label=\"Compartir en X\" href='https:\/\/twitter.com\/share?text=Rafting%20Villegas%20y%20Frontera&#038;url=https:\/\/beltway.tur.ar\/travel\/?p=1405' data-av_icon='\ue932' data-av_iconfont='entypo-fontello'  title='' data-avia-related-tooltip='Compartir en X'><span class='avia_hidden_link_text'>Compartir en X<\/span><\/a><\/li><li class='av-share-link av-social-link-pinterest avia_social_iconfont' ><a target=\"_blank\" aria-label=\"Compartir en Pinterest\" href='https:\/\/pinterest.com\/pin\/create\/button\/?url=https%3A%2F%2Fbeltway.tur.ar%2Ftravel%2Frafting-rio-villegas-y-rio-manso%2F&#038;description=Rafting%20Villegas%20y%20Frontera&#038;media=https%3A%2F%2Fbeltway.tur.ar%2Ftravel%2Fwp-content%2Fuploads%2F2017%2F10%2FPHOTO-2024-10-10-08-28-53-min-705x470.jpg' data-av_icon='\ue8f8' data-av_iconfont='entypo-fontello'  title='' data-avia-related-tooltip='Compartir en Pinterest'><span class='avia_hidden_link_text'>Compartir en Pinterest<\/span><\/a><\/li><li class='av-share-link av-social-link-mail avia_social_iconfont' ><a  aria-label=\"Compartir por correo\" href='mailto:?subject=Rafting%20Villegas%20y%20Frontera&#038;body=https:\/\/beltway.tur.ar\/travel\/rafting-rio-villegas-y-rio-manso\/' data-av_icon='\ue805' data-av_iconfont='entypo-fontello'  title='' data-avia-related-tooltip='Compartir por correo'><span class='avia_hidden_link_text'>Compartir por correo<\/span><\/a><\/li><\/ul><\/div><\/div><\/div><\/p>\n\n<style type=\"text\/css\" data-created_by=\"avia_inline_auto\" id=\"style-css-av-2undhp-5aa3479c5a28e6d34b794ff8d95288e8\">\n.flex_column.av-2undhp-5aa3479c5a28e6d34b794ff8d95288e8{\nborder-radius:0px 0px 0px 0px;\npadding:0px 0px 0px 0px;\n}\n<\/style>\n<div  class='flex_column av-2undhp-5aa3479c5a28e6d34b794ff8d95288e8 av_three_fifth  avia-builder-el-11  el_after_av_one_full  avia-builder-el-last  first flex_column_div av-zero-column-padding  column-top-margin'     ><\/div>\n","protected":false},"excerpt":{"rendered":"","protected":false},"author":4,"featured_media":25848,"comment_status":"open","ping_status":"open","sticky":false,"template":"","format":"standard","meta":{"footnotes":""},"categories":[74,1],"tags":[101,52,53,273,222,272,113,114,236,112,100,293,111],"class_list":["post-1405","post","type-post","status-publish","format-standard","has-post-thumbnail","hentry","category-excursiones-de-aventura","category-sin-categoria","tag-adrenalina","tag-aventura","tag-bariloche","tag-excursiones-aventura","tag-excursiones-en-bariloche","tag-huella-andina","tag-manso-frontera","tag-manso-inferior","tag-paseos-en-bariloche","tag-patagonia","tag-rafting","tag-rafting-cohuinco","tag-rio-manso"],"_links":{"self":[{"href":"https:\/\/beltway.tur.ar\/travel\/wp-json\/wp\/v2\/posts\/1405","targetHints":{"allow":["GET"]}}],"collection":[{"href":"https:\/\/beltway.tur.ar\/travel\/wp-json\/wp\/v2\/posts"}],"about":[{"href":"https:\/\/beltway.tur.ar\/travel\/wp-json\/wp\/v2\/types\/post"}],"author":[{"embeddable":true,"href":"https:\/\/beltway.tur.ar\/travel\/wp-json\/wp\/v2\/users\/4"}],"replies":[{"embeddable":true,"href":"https:\/\/beltway.tur.ar\/travel\/wp-json\/wp\/v2\/comments?post=1405"}],"version-history":[{"count":19,"href":"https:\/\/beltway.tur.ar\/travel\/wp-json\/wp\/v2\/posts\/1405\/revisions"}],"predecessor-version":[{"id":26225,"href":"https:\/\/beltway.tur.ar\/travel\/wp-json\/wp\/v2\/posts\/1405\/revisions\/26225"}],"wp:featuredmedia":[{"embeddable":true,"href":"https:\/\/beltway.tur.ar\/travel\/wp-json\/wp\/v2\/media\/25848"}],"wp:attachment":[{"href":"https:\/\/beltway.tur.ar\/travel\/wp-json\/wp\/v2\/media?parent=1405"}],"wp:term":[{"taxonomy":"category","embeddable":true,"href":"https:\/\/beltway.tur.ar\/travel\/wp-json\/wp\/v2\/categories?post=1405"},{"taxonomy":"post_tag","embeddable":true,"href":"https:\/\/beltway.tur.ar\/travel\/wp-json\/wp\/v2\/tags?post=1405"}],"curies":[{"name":"wp","href":"https:\/\/api.w.org\/{rel}","templated":true}]}}