{"id":1503,"date":"2017-05-12T15:36:48","date_gmt":"2017-05-12T15:36:48","guid":{"rendered":"http:\/\/beltway.tur.ar\/travel\/?p=1503"},"modified":"2021-06-09T14:51:39","modified_gmt":"2021-06-09T14:51:39","slug":"montana-tango","status":"publish","type":"post","link":"https:\/\/beltway.tur.ar\/travel\/montana-tango\/","title":{"rendered":"Monta\u00f1a &#038; Tango Refugio Berghof"},"content":{"rendered":"\n<style type=\"text\/css\" data-created_by=\"avia_inline_auto\" id=\"style-css-av-av_one_full-6126cab7d8fab8d08143dd2dacdf673c\">\n.flex_column.av-av_one_full-6126cab7d8fab8d08143dd2dacdf673c{\nborder-radius:0px 0px 0px 0px;\npadding:0px 0px 0px 0px;\n}\n<\/style>\n<div  class='flex_column av-av_one_full-6126cab7d8fab8d08143dd2dacdf673c av_one_full  avia-builder-el-0  el_before_av_one_third  avia-builder-el-first  first flex_column_div av-zero-column-padding  '     ><style type=\"text\/css\" data-created_by=\"avia_inline_auto\" id=\"style-css-av-av_slideshow_accordion-f49741255d9bb3e4330563e58e5a81b9\">\n.avia-accordion.av-av_slideshow_accordion-f49741255d9bb3e4330563e58e5a81b9{\nmax-height:423px;\n}\n.avia-accordion.av-av_slideshow_accordion-f49741255d9bb3e4330563e58e5a81b9 .aviaccordion-preview{\nwidth:15.1%;\n}\n#top .avia-accordion.av-av_slideshow_accordion-f49741255d9bb3e4330563e58e5a81b9 .aviaccordion-title{\nfont-size:10px;\n}\n.avia-accordion .aviaccordion-slide.av-av_slideshow_accordion-f49741255d9bb3e4330563e58e5a81b9__0{\nleft:0%;\n}\n.avia-accordion .aviaccordion-slide.av-av_slideshow_accordion-f49741255d9bb3e4330563e58e5a81b9__1{\nleft:14.285714285714%;\n}\n.avia-accordion .aviaccordion-slide.av-av_slideshow_accordion-f49741255d9bb3e4330563e58e5a81b9__2{\nleft:28.571428571429%;\n}\n.avia-accordion .aviaccordion-slide.av-av_slideshow_accordion-f49741255d9bb3e4330563e58e5a81b9__3{\nleft:42.857142857143%;\n}\n.avia-accordion .aviaccordion-slide.av-av_slideshow_accordion-f49741255d9bb3e4330563e58e5a81b9__4{\nleft:57.142857142857%;\n}\n.avia-accordion .aviaccordion-slide.av-av_slideshow_accordion-f49741255d9bb3e4330563e58e5a81b9__5{\nleft:71.428571428571%;\n}\n.avia-accordion .aviaccordion-slide.av-av_slideshow_accordion-f49741255d9bb3e4330563e58e5a81b9__6{\nleft:85.714285714286%;\n}\n<\/style>\n<div  id=\"accordion_slider_1\"  class='aviaccordion avia-accordion av-av_slideshow_accordion-f49741255d9bb3e4330563e58e5a81b9 aviaccordion-title-active av-slideshow-autoplay av-loop-endless ' data-slideshow-options=\"{&quot;interval&quot;:3,&quot;autoplay&quot;:true,&quot;loop_autoplay&quot;:&quot;endless&quot;}\"  itemscope=\"itemscope\" itemtype=\"https:\/\/schema.org\/Blog\" ><ul class=\"aviaccordion-inner\"><li class='aviaccordion-slide av-av_slideshow_accordion-f49741255d9bb3e4330563e58e5a81b9__0 aviaccordion-slide-1' data-av-left='0'  itemscope=\"itemscope\" itemtype=\"https:\/\/schema.org\/BlogPosting\" itemprop=\"blogPost\" ><a class='aviaccordion-slide-link noHover' href=\"\"  ><div class='aviaccordion-preview '><\/div><\/a><\/li><li class='aviaccordion-slide av-av_slideshow_accordion-f49741255d9bb3e4330563e58e5a81b9__1 aviaccordion-slide-2' data-av-left='14.285714285714'  itemscope=\"itemscope\" itemtype=\"https:\/\/schema.org\/BlogPosting\" itemprop=\"blogPost\" ><a class='aviaccordion-slide-link noHover' href=\"\"  ><div class='aviaccordion-preview '><\/div><\/a><\/li><li class='aviaccordion-slide av-av_slideshow_accordion-f49741255d9bb3e4330563e58e5a81b9__2 aviaccordion-slide-3' data-av-left='28.571428571429'  itemscope=\"itemscope\" itemtype=\"https:\/\/schema.org\/BlogPosting\" itemprop=\"blogPost\" ><a class='aviaccordion-slide-link noHover' href=\"\"  ><div class='aviaccordion-preview '><\/div><\/a><\/li><li class='aviaccordion-slide av-av_slideshow_accordion-f49741255d9bb3e4330563e58e5a81b9__3 aviaccordion-slide-4' data-av-left='42.857142857143'  itemscope=\"itemscope\" itemtype=\"https:\/\/schema.org\/BlogPosting\" itemprop=\"blogPost\" ><a class='aviaccordion-slide-link noHover' href=\"\"  ><div class='aviaccordion-preview '><\/div><\/a><\/li><li class='aviaccordion-slide av-av_slideshow_accordion-f49741255d9bb3e4330563e58e5a81b9__4 aviaccordion-slide-5' data-av-left='57.142857142857'  itemscope=\"itemscope\" itemtype=\"https:\/\/schema.org\/BlogPosting\" itemprop=\"blogPost\" ><a class='aviaccordion-slide-link noHover' href=\"\"  ><div class='aviaccordion-preview '><\/div><\/a><\/li><li class='aviaccordion-slide av-av_slideshow_accordion-f49741255d9bb3e4330563e58e5a81b9__5 aviaccordion-slide-6' data-av-left='71.428571428571'  itemscope=\"itemscope\" itemtype=\"https:\/\/schema.org\/BlogPosting\" itemprop=\"blogPost\" ><a class='aviaccordion-slide-link noHover' href=\"\"  ><div class='aviaccordion-preview '><\/div><\/a><\/li><li class='aviaccordion-slide av-av_slideshow_accordion-f49741255d9bb3e4330563e58e5a81b9__6 aviaccordion-slide-7' data-av-left='85.714285714286'  itemscope=\"itemscope\" itemtype=\"https:\/\/schema.org\/BlogPosting\" itemprop=\"blogPost\" ><a class='aviaccordion-slide-link noHover' href=\"\"  ><div class='aviaccordion-preview '><\/div><\/a><\/li><\/ul><div class='aviaccordion-spacer' style='padding-bottom:34.95867768595%'><\/div><\/div><\/div>\n<style type=\"text\/css\" data-created_by=\"avia_inline_auto\" id=\"style-css-av-av_one_third-6126cab7d8fab8d08143dd2dacdf673c\">\n.flex_column.av-av_one_third-6126cab7d8fab8d08143dd2dacdf673c{\nborder-radius:0px 0px 0px 0px;\npadding:0px 0px 0px 0px;\n}\n<\/style>\n<div  class='flex_column av-av_one_third-6126cab7d8fab8d08143dd2dacdf673c av_one_third  avia-builder-el-2  el_after_av_one_full  el_before_av_two_third  first flex_column_div av-zero-column-padding  column-top-margin'     ><div  class='av-catalogue-container av-av_catalogue-7bea2df44558fbd9a19bbfcd77d7f0ff  avia-builder-el-3  avia-builder-el-no-sibling '><ul class='av-catalogue-list'>\n<li><div class='av-catalogue-item av-av_catalogue_item-9131dad363660c8feba8fb051c800c3b' ><div class=\"av-catalogue-item-inner\"><div class=\"av-catalogue-title-container\"><div class='av-catalogue-title'>Temporada<\/div><div class='av-catalogue-price'><\/div><\/div><div class=\"av-catalogue-content\">\nDe Junio a Septiembre<br \/>\n<\/div><\/div><\/div><\/li>\n<li><div class='av-catalogue-item av-av_catalogue_item-2a8836ed6cb2582ae7f2ded598fcfa2a' ><div class=\"av-catalogue-item-inner\"><div class=\"av-catalogue-title-container\"><div class='av-catalogue-title'>Duraci\u00f3n<\/div><div class='av-catalogue-price'><\/div><\/div><div class=\"av-catalogue-content\">\nMedio D\u00eda<br \/>\n<\/div><\/div><\/div><\/li>\n<li><div class='av-catalogue-item av-av_catalogue_item-2ea03544f099c98501ac310f91152c55' ><div class=\"av-catalogue-item-inner\"><div class=\"av-catalogue-title-container\"><div class='av-catalogue-title'>Qu\u00e9 Llevar<\/div><div class='av-catalogue-price'><\/div><\/div><div class=\"av-catalogue-content\">\nRopa abrigada e\u00a0impermeable, Es necesario contar calzado c\u00f3modo para trekking.<br \/>\n<\/div><\/div><\/div><\/li>\n<li><div class='av-catalogue-item av-av_catalogue_item-d95a7189e68ad208af8ca06ae365564d' ><div class=\"av-catalogue-item-inner\"><div class=\"av-catalogue-title-container\"><div class='av-catalogue-title'>Salidas<\/div><div class='av-catalogue-price'><\/div><\/div><div class=\"av-catalogue-content\">\nTodos los D\u00edas Horario: 20:30 a 00:30<br \/>\n<\/div><\/div><\/div><\/li>\n<\/ul><\/div><\/div><\/p>\n\n<style type=\"text\/css\" data-created_by=\"avia_inline_auto\" id=\"style-css-av-av_two_third-0aa7055fe62c3622faec82866afbaeb2\">\n.flex_column.av-av_two_third-0aa7055fe62c3622faec82866afbaeb2{\nborder-radius:0px 0px 0px 0px;\npadding:0px 0px 0px 0px;\n}\n<\/style>\n<div  class='flex_column av-av_two_third-0aa7055fe62c3622faec82866afbaeb2 av_two_third  avia-builder-el-4  el_after_av_one_third  el_before_av_two_fifth  flex_column_div av-zero-column-padding  column-top-margin'     ><section  class='av_textblock_section av-av_textblock-396ddf1f42196ca838231e61a4602801 '   itemscope=\"itemscope\" itemtype=\"https:\/\/schema.org\/BlogPosting\" itemprop=\"blogPost\" ><div class='avia_textblock'  itemprop=\"text\" ><h2>Monta\u00f1a &amp; Tango<\/h2>\n<p>Luego de buscar a nuestros pasajeros por el hotel, damos comienzo a esta incre\u00edble experiencia; ascendiendo a trav\u00e9s de un camino de monta\u00f1a en el Cerro Otto que dura aproximadamente 25 minutos. Cuando comienza el sendero se inicia una caminata por bosques nativos, iluminados con linternas frontales. Durante el trayecto es posible observar sorprendentes vistas de la ciudad y del Lago Nahuel Huapi. Es una aventura de baja dificultad y, al mismo tiempo, una experiencia sensorial para vivir un lugar y un momento \u00fanico. La conexi\u00f3n con la naturaleza se produce desde otra perspectiva y es inmediata y e intransferible. Conectados con la naturaleza y el clima de monta\u00f1a, seremos recibidos con un fog\u00f3n y un guindado de bienvenida, para luego disfrutar de una cena completa acompa\u00f1ados de un show \u00edntimo de tango, brindado por artistas locales.<\/p>\n<p>Incluye: Transporte, caminata con linternas, cena completa (entrada, plato principal y postre \u2013 cerveza artesanal o vino), trago de bienvenida y show en vivo.<\/p>\n<\/div><\/section><br \/>\n<div  class='hr av-av_hr-dcd2069817a0e3d34ae04cad8f3443c7 hr-default  avia-builder-el-6  el_after_av_textblock  avia-builder-el-last '><span class='hr-inner '><span class=\"hr-inner-style\"><\/span><\/span><\/div><\/p><\/div>\n\n<style type=\"text\/css\" data-created_by=\"avia_inline_auto\" id=\"style-css-av-av_two_fifth-6126cab7d8fab8d08143dd2dacdf673c\">\n.flex_column.av-av_two_fifth-6126cab7d8fab8d08143dd2dacdf673c{\nborder-radius:0px 0px 0px 0px;\npadding:0px 0px 0px 0px;\n}\n<\/style>\n<div  class='flex_column av-av_two_fifth-6126cab7d8fab8d08143dd2dacdf673c av_two_fifth  avia-builder-el-7  el_after_av_two_third  el_before_av_one_full  first flex_column_div av-zero-column-padding  column-top-margin'     ><div  class='avia-video av-av_video-fe73a99404f973dc0ec115820fd26b27 avia-video-16-9 av-no-preview-image avia-video-load-always avia-video-html5'  itemprop=\"video\" itemtype=\"https:\/\/schema.org\/VideoObject\"  data-original_url='http:\/\/beltway.tur.ar\/travel\/wp-content\/uploads\/2018\/04\/monta\u00f1a-y-tango.mp4'><video class='avia_video'    preload=\"auto\"  controls id='player_1503_2101284441_469768436'><source src='http:\/\/beltway.tur.ar\/travel\/wp-content\/uploads\/2018\/04\/monta\u00f1a-y-tango.mp4' type='video\/mp4' \/><\/video><\/div><\/div>\n\n<style type=\"text\/css\" data-created_by=\"avia_inline_auto\" id=\"style-css-av-av_one_full-6126cab7d8fab8d08143dd2dacdf673c\">\n.flex_column.av-av_one_full-6126cab7d8fab8d08143dd2dacdf673c{\nborder-radius:0px 0px 0px 0px;\npadding:0px 0px 0px 0px;\n}\n<\/style>\n<div  class='flex_column av-av_one_full-6126cab7d8fab8d08143dd2dacdf673c av_one_full  avia-builder-el-9  el_after_av_two_fifth  el_before_av_three_fifth  first flex_column_div av-zero-column-padding  '     ><div  class='av-social-sharing-box av-av_social_share-7004b35396bd6dc3bfc91a5692fc98e2 av-social-sharing-box-default  avia-builder-el-10  avia-builder-el-no-sibling  av-social-sharing-box-fullwidth'><div class=\"av-share-box\"><h5 class='av-share-link-description av-no-toc '>Compartir esta Excursi\u00f3n<\/h5><ul class=\"av-share-box-list noLightbox\"><li class='av-share-link av-social-link-facebook avia_social_iconfont' ><a target=\"_blank\" aria-label=\"Compartir en Facebook\" href='https:\/\/www.facebook.com\/sharer.php?u=https:\/\/beltway.tur.ar\/travel\/montana-tango\/&#038;t=Monta%C3%B1a%20%26%20Tango%20Refugio%20Berghof' data-av_icon='\ue8f3' data-av_iconfont='entypo-fontello'  title='' data-avia-related-tooltip='Compartir en Facebook'><span class='avia_hidden_link_text'>Compartir en Facebook<\/span><\/a><\/li><li class='av-share-link av-social-link-twitter avia_social_iconfont' ><a target=\"_blank\" aria-label=\"Compartir en X\" href='https:\/\/twitter.com\/share?text=Monta%C3%B1a%20%26%20Tango%20Refugio%20Berghof&#038;url=https:\/\/beltway.tur.ar\/travel\/?p=1503' data-av_icon='\ue932' data-av_iconfont='entypo-fontello'  title='' data-avia-related-tooltip='Compartir en X'><span class='avia_hidden_link_text'>Compartir en X<\/span><\/a><\/li><li class='av-share-link av-social-link-pinterest avia_social_iconfont' ><a target=\"_blank\" aria-label=\"Compartir en Pinterest\" href='https:\/\/pinterest.com\/pin\/create\/button\/?url=https%3A%2F%2Fbeltway.tur.ar%2Ftravel%2Fmontana-tango%2F&#038;description=Monta%C3%B1a%20%26%20Tango%20Refugio%20Berghof&#038;media=' data-av_icon='\ue8f8' data-av_iconfont='entypo-fontello'  title='' data-avia-related-tooltip='Compartir en Pinterest'><span class='avia_hidden_link_text'>Compartir en Pinterest<\/span><\/a><\/li><li class='av-share-link av-social-link-mail avia_social_iconfont' ><a  aria-label=\"Compartir por correo\" href='mailto:?subject=Monta%C3%B1a%20%26%20Tango%20Refugio%20Berghof&#038;body=https:\/\/beltway.tur.ar\/travel\/montana-tango\/' data-av_icon='\ue805' data-av_iconfont='entypo-fontello'  title='' data-avia-related-tooltip='Compartir por correo'><span class='avia_hidden_link_text'>Compartir por correo<\/span><\/a><\/li><\/ul><\/div><\/div><\/div>\n\n<style type=\"text\/css\" data-created_by=\"avia_inline_auto\" id=\"style-css-av-av_three_fifth-6126cab7d8fab8d08143dd2dacdf673c\">\n.flex_column.av-av_three_fifth-6126cab7d8fab8d08143dd2dacdf673c{\nborder-radius:0px 0px 0px 0px;\npadding:0px 0px 0px 0px;\n}\n<\/style>\n<div  class='flex_column av-av_three_fifth-6126cab7d8fab8d08143dd2dacdf673c av_three_fifth  avia-builder-el-11  el_after_av_one_full  avia-builder-el-last  first flex_column_div av-zero-column-padding  column-top-margin'     ><\/div>\n","protected":false},"excerpt":{"rendered":"","protected":false},"author":4,"featured_media":0,"comment_status":"open","ping_status":"open","sticky":false,"template":"","format":"standard","meta":{"footnotes":""},"categories":[1],"tags":[209,203,222,204,236,202,205],"class_list":["post-1503","post","type-post","status-publish","format-standard","hentry","category-sin-categoria","tag-actividades-nieve","tag-cerro-otto","tag-excursiones-en-bariloche","tag-montana-tango-refugio-berghof-bariloche","tag-paseos-en-bariloche","tag-refugio-berghof","tag-tango-en-bariloche"],"_links":{"self":[{"href":"https:\/\/beltway.tur.ar\/travel\/wp-json\/wp\/v2\/posts\/1503","targetHints":{"allow":["GET"]}}],"collection":[{"href":"https:\/\/beltway.tur.ar\/travel\/wp-json\/wp\/v2\/posts"}],"about":[{"href":"https:\/\/beltway.tur.ar\/travel\/wp-json\/wp\/v2\/types\/post"}],"author":[{"embeddable":true,"href":"https:\/\/beltway.tur.ar\/travel\/wp-json\/wp\/v2\/users\/4"}],"replies":[{"embeddable":true,"href":"https:\/\/beltway.tur.ar\/travel\/wp-json\/wp\/v2\/comments?post=1503"}],"version-history":[{"count":10,"href":"https:\/\/beltway.tur.ar\/travel\/wp-json\/wp\/v2\/posts\/1503\/revisions"}],"predecessor-version":[{"id":1505,"href":"https:\/\/beltway.tur.ar\/travel\/wp-json\/wp\/v2\/posts\/1503\/revisions\/1505"}],"wp:attachment":[{"href":"https:\/\/beltway.tur.ar\/travel\/wp-json\/wp\/v2\/media?parent=1503"}],"wp:term":[{"taxonomy":"category","embeddable":true,"href":"https:\/\/beltway.tur.ar\/travel\/wp-json\/wp\/v2\/categories?post=1503"},{"taxonomy":"post_tag","embeddable":true,"href":"https:\/\/beltway.tur.ar\/travel\/wp-json\/wp\/v2\/tags?post=1503"}],"curies":[{"name":"wp","href":"https:\/\/api.w.org\/{rel}","templated":true}]}}