{"id":2360,"date":"2018-09-17T20:08:42","date_gmt":"2018-09-17T20:08:42","guid":{"rendered":"http:\/\/beltway.tur.ar\/travel\/?p=2360"},"modified":"2022-05-15T22:31:06","modified_gmt":"2022-05-15T22:31:06","slug":"cerro-catedral","status":"publish","type":"post","link":"https:\/\/beltway.tur.ar\/travel\/cerro-catedral\/","title":{"rendered":"Cerro Catedral Clasico"},"content":{"rendered":"\n<style type=\"text\/css\" data-created_by=\"avia_inline_auto\" id=\"style-css-av-av_one_full-6126cab7d8fab8d08143dd2dacdf673c\">\n.flex_column.av-av_one_full-6126cab7d8fab8d08143dd2dacdf673c{\nborder-radius:0px 0px 0px 0px;\npadding:0px 0px 0px 0px;\n}\n<\/style>\n<div  class='flex_column av-av_one_full-6126cab7d8fab8d08143dd2dacdf673c av_one_full  avia-builder-el-0  el_before_av_one_third  avia-builder-el-first  first flex_column_div av-zero-column-padding  '     ><style type=\"text\/css\" data-created_by=\"avia_inline_auto\" id=\"style-css-av-av_slideshow_accordion-f5b8877b7ec50eba609f75a5556209bc\">\n.avia-accordion.av-av_slideshow_accordion-f5b8877b7ec50eba609f75a5556209bc{\nmax-height:375px;\n}\n.avia-accordion.av-av_slideshow_accordion-f5b8877b7ec50eba609f75a5556209bc .aviaccordion-preview{\nwidth:20.1%;\n}\n#top .avia-accordion.av-av_slideshow_accordion-f5b8877b7ec50eba609f75a5556209bc .aviaccordion-title{\nfont-size:10px;\n}\n.avia-accordion .aviaccordion-slide.av-av_slideshow_accordion-f5b8877b7ec50eba609f75a5556209bc__0{\nleft:0%;\n}\n.avia-accordion .aviaccordion-slide.av-av_slideshow_accordion-f5b8877b7ec50eba609f75a5556209bc__1{\nleft:20%;\n}\n.avia-accordion .aviaccordion-slide.av-av_slideshow_accordion-f5b8877b7ec50eba609f75a5556209bc__2{\nleft:40%;\n}\n.avia-accordion .aviaccordion-slide.av-av_slideshow_accordion-f5b8877b7ec50eba609f75a5556209bc__3{\nleft:60%;\n}\n.avia-accordion .aviaccordion-slide.av-av_slideshow_accordion-f5b8877b7ec50eba609f75a5556209bc__4{\nleft:80%;\n}\n<\/style>\n<div  id=\"accordion_slider_1\"  class='aviaccordion avia-accordion av-av_slideshow_accordion-f5b8877b7ec50eba609f75a5556209bc aviaccordion-title-active av-slideshow-autoplay av-loop-endless ' data-slideshow-options=\"{&quot;interval&quot;:3,&quot;autoplay&quot;:true,&quot;loop_autoplay&quot;:&quot;endless&quot;}\"  itemscope=\"itemscope\" itemtype=\"https:\/\/schema.org\/Blog\" ><ul class=\"aviaccordion-inner\"><li class='aviaccordion-slide av-av_slideshow_accordion-f5b8877b7ec50eba609f75a5556209bc__0 aviaccordion-slide-1' data-av-left='0'  itemscope=\"itemscope\" itemtype=\"https:\/\/schema.org\/BlogPosting\" itemprop=\"blogPost\" ><a class='aviaccordion-slide-link noHover' href=\"https:\/\/beltway.tur.ar\/travel\/wp-content\/uploads\/2017\/05\/f4390.jpg\"  title=\"f4390\" ><div class='aviaccordion-preview '><\/div><img loading=\"lazy\" decoding=\"async\" width=\"710\" height=\"375\" src=\"https:\/\/beltway.tur.ar\/travel\/wp-content\/uploads\/2017\/05\/f4390-710x375.jpg\" class=\"aviaccordion-image\" alt=\"\" \/><\/a><\/li><li class='aviaccordion-slide av-av_slideshow_accordion-f5b8877b7ec50eba609f75a5556209bc__1 aviaccordion-slide-2' data-av-left='20'  itemscope=\"itemscope\" itemtype=\"https:\/\/schema.org\/BlogPosting\" itemprop=\"blogPost\" ><a class='aviaccordion-slide-link noHover' href=\"https:\/\/beltway.tur.ar\/travel\/wp-content\/uploads\/2017\/05\/Foto-61-TusPlacas-1030x687.jpg\"  title=\"Foto-61-TusPlacas\" ><div class='aviaccordion-preview '><\/div><img loading=\"lazy\" decoding=\"async\" width=\"710\" height=\"375\" src=\"https:\/\/beltway.tur.ar\/travel\/wp-content\/uploads\/2017\/05\/Foto-61-TusPlacas-710x375.jpg\" class=\"aviaccordion-image\" alt=\"\" \/><\/a><\/li><li class='aviaccordion-slide av-av_slideshow_accordion-f5b8877b7ec50eba609f75a5556209bc__2 aviaccordion-slide-3' data-av-left='40'  itemscope=\"itemscope\" itemtype=\"https:\/\/schema.org\/BlogPosting\" itemprop=\"blogPost\" ><a class='aviaccordion-slide-link noHover' href=\"https:\/\/beltway.tur.ar\/travel\/wp-content\/uploads\/2017\/05\/DSCF2436-1030x773.jpg\"  title=\"DSCF2436\" ><div class='aviaccordion-preview '><\/div><img loading=\"lazy\" decoding=\"async\" width=\"710\" height=\"375\" src=\"https:\/\/beltway.tur.ar\/travel\/wp-content\/uploads\/2017\/05\/DSCF2436-710x375.jpg\" class=\"aviaccordion-image\" alt=\"\" \/><\/a><\/li><li class='aviaccordion-slide av-av_slideshow_accordion-f5b8877b7ec50eba609f75a5556209bc__3 aviaccordion-slide-4' data-av-left='60'  itemscope=\"itemscope\" itemtype=\"https:\/\/schema.org\/BlogPosting\" itemprop=\"blogPost\" ><a class='aviaccordion-slide-link noHover' href=\"https:\/\/beltway.tur.ar\/travel\/wp-content\/uploads\/2017\/05\/PAQUETON-2-1030x686.jpg\"  title=\"PAQUETON-2\" ><div class='aviaccordion-preview '><\/div><img loading=\"lazy\" decoding=\"async\" width=\"710\" height=\"375\" src=\"https:\/\/beltway.tur.ar\/travel\/wp-content\/uploads\/2017\/05\/PAQUETON-2-710x375.jpg\" class=\"aviaccordion-image\" alt=\"\" \/><\/a><\/li><li class='aviaccordion-slide av-av_slideshow_accordion-f5b8877b7ec50eba609f75a5556209bc__4 aviaccordion-slide-5' data-av-left='80'  itemscope=\"itemscope\" itemtype=\"https:\/\/schema.org\/BlogPosting\" itemprop=\"blogPost\" ><a class='aviaccordion-slide-link noHover' href=\"https:\/\/beltway.tur.ar\/travel\/wp-content\/uploads\/2017\/05\/IMG_1088-1030x685.jpg\"  title=\"IMG_1088\" ><div class='aviaccordion-preview '><\/div><img loading=\"lazy\" decoding=\"async\" width=\"710\" height=\"375\" src=\"https:\/\/beltway.tur.ar\/travel\/wp-content\/uploads\/2017\/05\/IMG_1088-710x375.jpg\" class=\"aviaccordion-image\" alt=\"\" \/><\/a><\/li><\/ul><div class='aviaccordion-spacer' style='padding-bottom:52.816901408451%'><\/div><\/div><\/div>\n<style type=\"text\/css\" data-created_by=\"avia_inline_auto\" id=\"style-css-av-av_one_third-6126cab7d8fab8d08143dd2dacdf673c\">\n.flex_column.av-av_one_third-6126cab7d8fab8d08143dd2dacdf673c{\nborder-radius:0px 0px 0px 0px;\npadding:0px 0px 0px 0px;\n}\n<\/style>\n<div  class='flex_column av-av_one_third-6126cab7d8fab8d08143dd2dacdf673c av_one_third  avia-builder-el-2  el_after_av_one_full  el_before_av_two_third  first flex_column_div av-zero-column-padding  column-top-margin'     ><div  class='av-catalogue-container av-av_catalogue-7bea2df44558fbd9a19bbfcd77d7f0ff  avia-builder-el-3  avia-builder-el-no-sibling '><ul class='av-catalogue-list'>\n<li><div class='av-catalogue-item av-av_catalogue_item-1c8bf213f48f305825dc702cafda78b5' ><div class=\"av-catalogue-item-inner\"><div class=\"av-catalogue-title-container\"><div class='av-catalogue-title'>Temporada<\/div><div class='av-catalogue-price'><\/div><\/div><div class=\"av-catalogue-content\">\nTodo el a\u00f1o<br \/>\n<\/div><\/div><\/div><\/li>\n<li><div class='av-catalogue-item av-av_catalogue_item-9b88ef11b34395af3ba29292cb7d30fa' ><div class=\"av-catalogue-item-inner\"><div class=\"av-catalogue-title-container\"><div class='av-catalogue-title'>Duraci\u00f3n<\/div><div class='av-catalogue-price'><\/div><\/div><div class=\"av-catalogue-content\">\n1\/2 dia<br \/>\n<\/div><\/div><\/div><\/li>\n<li><div class='av-catalogue-item av-av_catalogue_item-c601153322705fc0e56a471b5c58ae8f' ><div class=\"av-catalogue-item-inner\"><div class=\"av-catalogue-title-container\"><div class='av-catalogue-title'>No Incluye<\/div><div class='av-catalogue-price'><\/div><\/div><div class=\"av-catalogue-content\">\nMedios de elevaci\u00f3n (aerosillas)<br \/>\n<\/div><\/div><\/div><\/li>\n<li><div class='av-catalogue-item av-av_catalogue_item-66e43266f931fc1534919784ad79569c' ><div class=\"av-catalogue-item-inner\"><div class=\"av-catalogue-title-container\"><div class='av-catalogue-title'>Salidas<\/div><div class='av-catalogue-price'><\/div><\/div><div class=\"av-catalogue-content\">\n13hs a 17hs<br \/>\n<\/div><\/div><\/div><\/li>\n<\/ul><\/div><\/div><\/p>\n\n<style type=\"text\/css\" data-created_by=\"avia_inline_auto\" id=\"style-css-av-av_two_third-0aa7055fe62c3622faec82866afbaeb2\">\n.flex_column.av-av_two_third-0aa7055fe62c3622faec82866afbaeb2{\nborder-radius:0px 0px 0px 0px;\npadding:0px 0px 0px 0px;\n}\n<\/style>\n<div  class='flex_column av-av_two_third-0aa7055fe62c3622faec82866afbaeb2 av_two_third  avia-builder-el-4  el_after_av_one_third  el_before_av_one_full  flex_column_div av-zero-column-padding  column-top-margin'     ><section  class='av_textblock_section av-av_textblock-396ddf1f42196ca838231e61a4602801 '   itemscope=\"itemscope\" itemtype=\"https:\/\/schema.org\/BlogPosting\" itemprop=\"blogPost\" ><div class='avia_textblock'  itemprop=\"text\" ><h2>Cerro Catedral<\/h2>\n<p>Excursi\u00f3n a importante Centro invernal ubicado en las cercan\u00edas de Bariloche, incre\u00edbles paisajes y oferta de actividades<\/p>\n<p>A tan solo 19 km de la ciudad se encuentra este centro de esquina, el m\u00e1s importante de Sudam\u00e9rica. Su nombre se debe al parecido de sus picos con las torres de una catedral g\u00f3tica. Con opciones a todas las modalidades, en este centro invernal se puede practicar esqu\u00ed, snowboard, esqu\u00ed freestyle entre otras.<\/p>\n<p>Adem\u00e1s es una buena opci\u00f3n para quienes lo quieren visitar en otras epocas del a\u00f1o tanto primavera o verano , ya que permanece abierto todo el a\u00f1o y ofrece variadas actividades, como trekking, mountain bike, etc.<\/p>\n<\/div><\/section><br \/>\n<div  class='hr av-av_hr-dcd2069817a0e3d34ae04cad8f3443c7 hr-default  avia-builder-el-6  el_after_av_textblock  avia-builder-el-last '><span class='hr-inner '><span class=\"hr-inner-style\"><\/span><\/span><\/div><\/p><\/div>\n\n<style type=\"text\/css\" data-created_by=\"avia_inline_auto\" id=\"style-css-av-av_one_full-6126cab7d8fab8d08143dd2dacdf673c\">\n.flex_column.av-av_one_full-6126cab7d8fab8d08143dd2dacdf673c{\nborder-radius:0px 0px 0px 0px;\npadding:0px 0px 0px 0px;\n}\n<\/style>\n<div  class='flex_column av-av_one_full-6126cab7d8fab8d08143dd2dacdf673c av_one_full  avia-builder-el-7  el_after_av_two_third  el_before_av_three_fifth  first flex_column_div av-zero-column-padding  column-top-margin'     ><div  class='av-social-sharing-box av-av_social_share-7004b35396bd6dc3bfc91a5692fc98e2 av-social-sharing-box-default  avia-builder-el-8  avia-builder-el-no-sibling  av-social-sharing-box-fullwidth'><div class=\"av-share-box\"><h5 class='av-share-link-description av-no-toc '>Compartir esta Excursi\u00f3n<\/h5><ul class=\"av-share-box-list noLightbox\"><li class='av-share-link av-social-link-facebook avia_social_iconfont' ><a target=\"_blank\" aria-label=\"Compartir en Facebook\" href='https:\/\/www.facebook.com\/sharer.php?u=https:\/\/beltway.tur.ar\/travel\/cerro-catedral\/&#038;t=Cerro%20Catedral%20Clasico' data-av_icon='\ue8f3' data-av_iconfont='entypo-fontello'  title='' data-avia-related-tooltip='Compartir en Facebook'><span class='avia_hidden_link_text'>Compartir en Facebook<\/span><\/a><\/li><li class='av-share-link av-social-link-twitter avia_social_iconfont' ><a target=\"_blank\" aria-label=\"Compartir en X\" href='https:\/\/twitter.com\/share?text=Cerro%20Catedral%20Clasico&#038;url=https:\/\/beltway.tur.ar\/travel\/?p=2360' data-av_icon='\ue932' data-av_iconfont='entypo-fontello'  title='' data-avia-related-tooltip='Compartir en X'><span class='avia_hidden_link_text'>Compartir en X<\/span><\/a><\/li><li class='av-share-link av-social-link-pinterest avia_social_iconfont' ><a target=\"_blank\" aria-label=\"Compartir en Pinterest\" href='https:\/\/pinterest.com\/pin\/create\/button\/?url=https%3A%2F%2Fbeltway.tur.ar%2Ftravel%2Fcerro-catedral%2F&#038;description=Cerro%20Catedral%20Clasico&#038;media=https%3A%2F%2Fbeltway.tur.ar%2Ftravel%2Fwp-content%2Fuploads%2F2017%2F05%2FIMG_1088-705x469.jpg' data-av_icon='\ue8f8' data-av_iconfont='entypo-fontello'  title='' data-avia-related-tooltip='Compartir en Pinterest'><span class='avia_hidden_link_text'>Compartir en Pinterest<\/span><\/a><\/li><li class='av-share-link av-social-link-mail avia_social_iconfont' ><a  aria-label=\"Compartir por correo\" href='mailto:?subject=Cerro%20Catedral%20Clasico&#038;body=https:\/\/beltway.tur.ar\/travel\/cerro-catedral\/' data-av_icon='\ue805' data-av_iconfont='entypo-fontello'  title='' data-avia-related-tooltip='Compartir por correo'><span class='avia_hidden_link_text'>Compartir por correo<\/span><\/a><\/li><\/ul><\/div><\/div><\/div>\n\n<style type=\"text\/css\" data-created_by=\"avia_inline_auto\" id=\"style-css-av-av_three_fifth-6126cab7d8fab8d08143dd2dacdf673c\">\n.flex_column.av-av_three_fifth-6126cab7d8fab8d08143dd2dacdf673c{\nborder-radius:0px 0px 0px 0px;\npadding:0px 0px 0px 0px;\n}\n<\/style>\n<div  class='flex_column av-av_three_fifth-6126cab7d8fab8d08143dd2dacdf673c av_three_fifth  avia-builder-el-9  el_after_av_one_full  avia-builder-el-last  first flex_column_div av-zero-column-padding  column-top-margin'     ><\/div>\n","protected":false},"excerpt":{"rendered":"","protected":false},"author":4,"featured_media":945,"comment_status":"open","ping_status":"open","sticky":false,"template":"","format":"standard","meta":{"footnotes":""},"categories":[75,73],"tags":[28,97,222,99,39,236,98,68,70],"class_list":["post-2360","post","type-post","status-publish","format-standard","has-post-thumbnail","hentry","category-excursiones-de-invierno","category-excursiones-tradicionales","tag-cerro-catedral-bariloche","tag-clases","tag-excursiones-en-bariloche","tag-invierno-bariloche","tag-nieve","tag-paseos-en-bariloche","tag-pases-de-ski","tag-ski","tag-snowboard"],"_links":{"self":[{"href":"https:\/\/beltway.tur.ar\/travel\/wp-json\/wp\/v2\/posts\/2360","targetHints":{"allow":["GET"]}}],"collection":[{"href":"https:\/\/beltway.tur.ar\/travel\/wp-json\/wp\/v2\/posts"}],"about":[{"href":"https:\/\/beltway.tur.ar\/travel\/wp-json\/wp\/v2\/types\/post"}],"author":[{"embeddable":true,"href":"https:\/\/beltway.tur.ar\/travel\/wp-json\/wp\/v2\/users\/4"}],"replies":[{"embeddable":true,"href":"https:\/\/beltway.tur.ar\/travel\/wp-json\/wp\/v2\/comments?post=2360"}],"version-history":[{"count":9,"href":"https:\/\/beltway.tur.ar\/travel\/wp-json\/wp\/v2\/posts\/2360\/revisions"}],"predecessor-version":[{"id":3809,"href":"https:\/\/beltway.tur.ar\/travel\/wp-json\/wp\/v2\/posts\/2360\/revisions\/3809"}],"wp:featuredmedia":[{"embeddable":true,"href":"https:\/\/beltway.tur.ar\/travel\/wp-json\/wp\/v2\/media\/945"}],"wp:attachment":[{"href":"https:\/\/beltway.tur.ar\/travel\/wp-json\/wp\/v2\/media?parent=2360"}],"wp:term":[{"taxonomy":"category","embeddable":true,"href":"https:\/\/beltway.tur.ar\/travel\/wp-json\/wp\/v2\/categories?post=2360"},{"taxonomy":"post_tag","embeddable":true,"href":"https:\/\/beltway.tur.ar\/travel\/wp-json\/wp\/v2\/tags?post=2360"}],"curies":[{"name":"wp","href":"https:\/\/api.w.org\/{rel}","templated":true}]}}