{"id":26112,"date":"2018-04-12T15:47:29","date_gmt":"2018-04-12T15:47:29","guid":{"rendered":"https:\/\/beltway.tur.ar\/travel\/?p=26112"},"modified":"2025-03-01T18:31:23","modified_gmt":"2025-03-01T18:31:23","slug":"el-bolson-y-la-trochita","status":"publish","type":"post","link":"https:\/\/beltway.tur.ar\/travel\/el-bolson-y-la-trochita\/","title":{"rendered":"El Bols\u00f3n y La Trochita"},"content":{"rendered":"\n<style type=\"text\/css\" data-created_by=\"avia_inline_auto\" id=\"style-css-av-32hwh1-96c5a7c6d0cb89f7ea1cbe8654c9d06e\">\n.flex_column.av-32hwh1-96c5a7c6d0cb89f7ea1cbe8654c9d06e{\nborder-radius:0px 0px 0px 0px;\npadding:0px 0px 0px 0px;\n}\n<\/style>\n<div  class='flex_column av-32hwh1-96c5a7c6d0cb89f7ea1cbe8654c9d06e av_one_full  avia-builder-el-0  el_before_av_one_third  avia-builder-el-first  first flex_column_div av-zero-column-padding  '     ><style type=\"text\/css\" data-created_by=\"avia_inline_auto\" id=\"style-css-av-m7qifnlg-0535d32dfc05824da03c8ca97a7be7d4\">\n.avia-accordion.av-m7qifnlg-0535d32dfc05824da03c8ca97a7be7d4{\nmax-height:375px;\n}\n.avia-accordion.av-m7qifnlg-0535d32dfc05824da03c8ca97a7be7d4 .aviaccordion-preview{\nwidth:20.1%;\n}\n#top .avia-accordion.av-m7qifnlg-0535d32dfc05824da03c8ca97a7be7d4 .aviaccordion-title{\nfont-size:10px;\n}\n.avia-accordion .aviaccordion-slide.av-m7qifnlg-0535d32dfc05824da03c8ca97a7be7d4__0{\nleft:0%;\n}\n.avia-accordion .aviaccordion-slide.av-m7qifnlg-0535d32dfc05824da03c8ca97a7be7d4__1{\nleft:20%;\n}\n.avia-accordion .aviaccordion-slide.av-m7qifnlg-0535d32dfc05824da03c8ca97a7be7d4__2{\nleft:40%;\n}\n.avia-accordion .aviaccordion-slide.av-m7qifnlg-0535d32dfc05824da03c8ca97a7be7d4__3{\nleft:60%;\n}\n.avia-accordion .aviaccordion-slide.av-m7qifnlg-0535d32dfc05824da03c8ca97a7be7d4__4{\nleft:80%;\n}\n<\/style>\n<div  id=\"accordion_slider_1\"  class='aviaccordion avia-accordion av-m7qifnlg-0535d32dfc05824da03c8ca97a7be7d4 aviaccordion-title-active av-slideshow-autoplay av-loop-endless ' data-slideshow-options=\"{&quot;interval&quot;:3,&quot;autoplay&quot;:true,&quot;loop_autoplay&quot;:&quot;endless&quot;}\"  itemscope=\"itemscope\" itemtype=\"https:\/\/schema.org\/Blog\" ><ul class=\"aviaccordion-inner\"><li class='aviaccordion-slide av-m7qifnlg-0535d32dfc05824da03c8ca97a7be7d4__0 aviaccordion-slide-1' data-av-left='0'  itemscope=\"itemscope\" itemtype=\"https:\/\/schema.org\/BlogPosting\" itemprop=\"blogPost\" ><a class='aviaccordion-slide-link noHover' href=\"https:\/\/beltway.tur.ar\/travel\/wp-content\/uploads\/2025\/03\/PHOTO-2025-03-01-14-52-13-1030x580.jpg\"  title=\"PHOTO-2025-03-01-14-52-13\" ><div class='aviaccordion-preview '><\/div><img loading=\"lazy\" decoding=\"async\" width=\"710\" height=\"375\" src=\"https:\/\/beltway.tur.ar\/travel\/wp-content\/uploads\/2025\/03\/PHOTO-2025-03-01-14-52-13-710x375.jpg\" class=\"aviaccordion-image\" alt=\"\" \/><\/a><\/li><li class='aviaccordion-slide av-m7qifnlg-0535d32dfc05824da03c8ca97a7be7d4__1 aviaccordion-slide-2' data-av-left='20'  itemscope=\"itemscope\" itemtype=\"https:\/\/schema.org\/BlogPosting\" itemprop=\"blogPost\" ><a class='aviaccordion-slide-link noHover' href=\"https:\/\/beltway.tur.ar\/travel\/wp-content\/uploads\/2024\/10\/2009-01-20-003_batcheditor_fotor-1030x773.jpg\"  title=\"2009-01-20-003_batcheditor_fotor\" ><div class='aviaccordion-preview '><\/div><img loading=\"lazy\" decoding=\"async\" width=\"710\" height=\"375\" src=\"https:\/\/beltway.tur.ar\/travel\/wp-content\/uploads\/2024\/10\/2009-01-20-003_batcheditor_fotor-710x375.jpg\" class=\"aviaccordion-image\" alt=\"\" \/><\/a><\/li><li class='aviaccordion-slide av-m7qifnlg-0535d32dfc05824da03c8ca97a7be7d4__2 aviaccordion-slide-3' data-av-left='40'  itemscope=\"itemscope\" itemtype=\"https:\/\/schema.org\/BlogPosting\" itemprop=\"blogPost\" ><a class='aviaccordion-slide-link noHover' href=\"https:\/\/beltway.tur.ar\/travel\/wp-content\/uploads\/2017\/05\/93-Feria-en-El-Bols\u00f3n-1030x773.jpg\"  title=\"93- Feria en El Bols\u00f3n\" ><div class='aviaccordion-preview '><\/div><img loading=\"lazy\" decoding=\"async\" width=\"710\" height=\"375\" src=\"https:\/\/beltway.tur.ar\/travel\/wp-content\/uploads\/2017\/05\/93-Feria-en-El-Bols\u00f3n-710x375.jpg\" class=\"aviaccordion-image\" alt=\"\" \/><\/a><\/li><li class='aviaccordion-slide av-m7qifnlg-0535d32dfc05824da03c8ca97a7be7d4__3 aviaccordion-slide-4' data-av-left='60'  itemscope=\"itemscope\" itemtype=\"https:\/\/schema.org\/BlogPosting\" itemprop=\"blogPost\" ><a class='aviaccordion-slide-link noHover' href=\"https:\/\/beltway.tur.ar\/travel\/wp-content\/uploads\/2025\/03\/PHOTO-2025-03-01-14-52-17-1030x580.jpg\"  title=\"PHOTO-2025-03-01-14-52-17\" ><div class='aviaccordion-preview '><\/div><img loading=\"lazy\" decoding=\"async\" width=\"710\" height=\"375\" src=\"https:\/\/beltway.tur.ar\/travel\/wp-content\/uploads\/2025\/03\/PHOTO-2025-03-01-14-52-17-710x375.jpg\" class=\"aviaccordion-image\" alt=\"\" \/><\/a><\/li><li class='aviaccordion-slide av-m7qifnlg-0535d32dfc05824da03c8ca97a7be7d4__4 aviaccordion-slide-5' data-av-left='80'  itemscope=\"itemscope\" itemtype=\"https:\/\/schema.org\/BlogPosting\" itemprop=\"blogPost\" ><a class='aviaccordion-slide-link noHover' href=\"https:\/\/beltway.tur.ar\/travel\/wp-content\/uploads\/2025\/03\/456436607_915826037244728_8675506249739501835_n-1030x686.jpeg\"  title=\"456436607_915826037244728_8675506249739501835_n\" ><div class='aviaccordion-preview '><\/div><img loading=\"lazy\" decoding=\"async\" width=\"710\" height=\"375\" src=\"https:\/\/beltway.tur.ar\/travel\/wp-content\/uploads\/2025\/03\/456436607_915826037244728_8675506249739501835_n-710x375.jpeg\" class=\"aviaccordion-image\" alt=\"\" \/><\/a><\/li><\/ul><div class='aviaccordion-spacer' style='padding-bottom:52.816901408451%'><\/div><\/div><\/div>\n<style type=\"text\/css\" data-created_by=\"avia_inline_auto\" id=\"style-css-av-1ukl05-9fbb3d25b865a8a6c60e9937e46b3b3a\">\n.flex_column.av-1ukl05-9fbb3d25b865a8a6c60e9937e46b3b3a{\nborder-radius:0px 0px 0px 0px;\npadding:0px 0px 0px 0px;\n}\n<\/style>\n<div  class='flex_column av-1ukl05-9fbb3d25b865a8a6c60e9937e46b3b3a av_one_third  avia-builder-el-2  el_after_av_one_full  el_before_av_two_third  first flex_column_div av-zero-column-padding  column-top-margin'     ><div  class='av-catalogue-container av-m7qggcjv-0e0b10e2ef673306bef6a9ea941c6dd2  avia-builder-el-3  avia-builder-el-no-sibling '><ul class='av-catalogue-list'>\n<li><div class='av-catalogue-item av-m7qgdjti-662ff3df0658ab67db7404cb814420dc' ><div class=\"av-catalogue-item-inner\"><div class=\"av-catalogue-title-container\"><div class='av-catalogue-title'>Temporada<\/div><div class='av-catalogue-price'><\/div><\/div><div class=\"av-catalogue-content\">\nPrimavera &#8211; Verano &#8211; Oto\u00f1o<br \/>\n<\/div><\/div><\/div><\/li>\n<li><div class='av-catalogue-item av-av_catalogue_item-321e0be63ebdf68b9e3501f1d2763e59' ><div class=\"av-catalogue-item-inner\"><div class=\"av-catalogue-title-container\"><div class='av-catalogue-title'><\/div><div class='av-catalogue-price'><\/div><\/div><div class=\"av-catalogue-content\"><\/div><\/div><\/div><\/li>\n<li><div class='av-catalogue-item av-m7qgfqz1-344ba3d9f67bf684586ca58e36de22bc' ><div class=\"av-catalogue-item-inner\"><div class=\"av-catalogue-title-container\"><div class='av-catalogue-title'>Qu\u00e9 Llevar<\/div><div class='av-catalogue-price'><\/div><\/div><div class=\"av-catalogue-content\">\nLa tarifa incluye el ticket\/pasaje en La Trochita.<br \/>\nLas tarifas NO incluyen: comidas ni otros servicios que no se encuentren debidamente detallados.<br \/>\n<\/div><\/div><\/div><\/li>\n<li><div class='av-catalogue-item av-m7qgg7ez-795f242a2aae83d624e9e5a33bb59317' ><div class=\"av-catalogue-item-inner\"><div class=\"av-catalogue-title-container\"><div class='av-catalogue-title'>Salidas<\/div><div class='av-catalogue-price'><\/div><\/div><div class=\"av-catalogue-content\">\nJueves \/ S\u00e1bados<\/p>\n<p>08:00 hs a 20:00hs<br \/>\n<\/div><\/div><\/div><\/li>\n<\/ul><\/div><\/div>\n<style type=\"text\/css\" data-created_by=\"avia_inline_auto\" id=\"style-css-av-vuu9h-22b06a26c7a5817c7c1b18e45a9f559c\">\n.flex_column.av-vuu9h-22b06a26c7a5817c7c1b18e45a9f559c{\nborder-radius:0px 0px 0px 0px;\npadding:0px 0px 0px 0px;\n}\n<\/style>\n<div  class='flex_column av-vuu9h-22b06a26c7a5817c7c1b18e45a9f559c av_two_third  avia-builder-el-4  el_after_av_one_third  el_before_av_one_full  flex_column_div av-zero-column-padding  column-top-margin'     ><section  class='av_textblock_section av-q99bh-e1c178808e6732e3393bb349aca59deb '   itemscope=\"itemscope\" itemtype=\"https:\/\/schema.org\/BlogPosting\" itemprop=\"blogPost\" ><div class='avia_textblock'  itemprop=\"text\" ><h2>El Bols\u00f3n y La Trochita<\/h2>\n<p>Partiendo de Bariloche y recorriendo la Ruta NacIonal 40 en direcci\u00f3n hacia el sur, bordearemos los lagos Guti\u00e9rrez, Mascardi y Guillelmo.<br \/>\nAl llegar a la localidad de El Bols\u00f3n, visitaremos Caba\u00f1a Mic\u00f3, una tradicional chacra dedicada a la producci\u00f3n de fruta fina (frutillas, cerezas, frambuesas, grosellas, ar\u00e1ndanos, etc.) y exquisitos dulces regionales, donde adem\u00e1s de conocer sus procesos, podremos comprar exquisitos dulces a muy buen precio directo del productor!.<br \/>\nTendremos tiempo libre para almorzar y recorrer la famosa Feria Artesanal que rodea la plaza principal.<\/p>\n<p>A las 13.00 hs partiremos hacia la localidad de El Mait\u00e9n, ubicada a 65 km de distancia, en la provincia de Chubut.<\/p>\n<p>En la estaci\u00f3n nos espera \u00abLa Trochita\u00bb, el Viejo Expreso Patag\u00f3nico&#8230; un maravilloso tren a vapor de 1922, declarado Monumento Hist\u00f3rico Nacional y Marca Pa\u00eds, en el que realizaremos un inolvidable \u00abviaje en el tiempo\u00bb, recorriendo sus talleres y luego abordo del tren, realizaremos un paseo de 2 hs de duraci\u00f3n ingresando a la infinita estepa patag\u00f3nica.<\/p>\n<p>El regreso a Bariloche se realiza por la misma ruta.<\/p>\n<\/div><\/section><br \/>\n<div  class='hr av-23vh9-c69de2ae86bfb9c3ade0f37bdce63a45 hr-default  avia-builder-el-6  el_after_av_textblock  avia-builder-el-last '><span class='hr-inner '><span class=\"hr-inner-style\"><\/span><\/span><\/div><\/p><\/div>\n<style type=\"text\/css\" data-created_by=\"avia_inline_auto\" id=\"style-css-av-exle5-48fd1246691ee9693dc8468eced2ff5e\">\n.flex_column.av-exle5-48fd1246691ee9693dc8468eced2ff5e{\nborder-radius:0px 0px 0px 0px;\npadding:0px 0px 0px 0px;\n}\n<\/style>\n<div  class='flex_column av-exle5-48fd1246691ee9693dc8468eced2ff5e av_one_full  avia-builder-el-7  el_after_av_two_third  avia-builder-el-last  first flex_column_div av-zero-column-padding  column-top-margin'     ><div  class='av-social-sharing-box av-rxed-9086b29d04c222fe50f8a26c837c3918 av-social-sharing-box-default  avia-builder-el-8  avia-builder-el-no-sibling  av-social-sharing-box-fullwidth'><div class=\"av-share-box\"><h5 class='av-share-link-description av-no-toc '>Compartir esta Excursi\u00f3n<\/h5><ul class=\"av-share-box-list noLightbox\"><li class='av-share-link av-social-link-facebook avia_social_iconfont' ><a target=\"_blank\" aria-label=\"Compartir en Facebook\" href='https:\/\/www.facebook.com\/sharer.php?u=https:\/\/beltway.tur.ar\/travel\/el-bolson-y-la-trochita\/&#038;t=El%20Bols%C3%B3n%20y%20La%20Trochita' data-av_icon='\ue8f3' data-av_iconfont='entypo-fontello'  title='' data-avia-related-tooltip='Compartir en Facebook'><span class='avia_hidden_link_text'>Compartir en Facebook<\/span><\/a><\/li><li class='av-share-link av-social-link-twitter avia_social_iconfont' ><a target=\"_blank\" aria-label=\"Compartir en X\" href='https:\/\/twitter.com\/share?text=El%20Bols%C3%B3n%20y%20La%20Trochita&#038;url=https:\/\/beltway.tur.ar\/travel\/?p=26112' data-av_icon='\ue932' data-av_iconfont='entypo-fontello'  title='' data-avia-related-tooltip='Compartir en X'><span class='avia_hidden_link_text'>Compartir en X<\/span><\/a><\/li><li class='av-share-link av-social-link-pinterest avia_social_iconfont' ><a target=\"_blank\" aria-label=\"Compartir en Pinterest\" href='https:\/\/pinterest.com\/pin\/create\/button\/?url=https%3A%2F%2Fbeltway.tur.ar%2Ftravel%2Fel-bolson-y-la-trochita%2F&#038;description=El%20Bols%C3%B3n%20y%20La%20Trochita&#038;media=https%3A%2F%2Fbeltway.tur.ar%2Ftravel%2Fwp-content%2Fuploads%2F2025%2F03%2FPHOTO-2025-03-01-14-52-17-705x397.jpg' data-av_icon='\ue8f8' data-av_iconfont='entypo-fontello'  title='' data-avia-related-tooltip='Compartir en Pinterest'><span class='avia_hidden_link_text'>Compartir en Pinterest<\/span><\/a><\/li><li class='av-share-link av-social-link-mail avia_social_iconfont' ><a  aria-label=\"Compartir por correo\" href='mailto:?subject=El%20Bols%C3%B3n%20y%20La%20Trochita&#038;body=https:\/\/beltway.tur.ar\/travel\/el-bolson-y-la-trochita\/' data-av_icon='\ue805' data-av_iconfont='entypo-fontello'  title='' data-avia-related-tooltip='Compartir por correo'><span class='avia_hidden_link_text'>Compartir por correo<\/span><\/a><\/li><\/ul><\/div><\/div><\/div><\/p>\n","protected":false},"excerpt":{"rendered":"","protected":false},"author":4,"featured_media":26120,"comment_status":"open","ping_status":"open","sticky":false,"template":"","format":"standard","meta":{"footnotes":""},"categories":[73,1],"tags":[166,164,165,42,296,222,162,163,294,43,297,236,33,295],"class_list":["post-26112","post","type-post","status-publish","format-standard","has-post-thumbnail","hentry","category-excursiones-tradicionales","category-sin-categoria","tag-artesanos","tag-cerveceria","tag-criadero-de-truchas","tag-el-bolson","tag-el-bolson-y-la-trochita","tag-excursiones-en-bariloche","tag-feria-de-artesanos","tag-fruta-fina","tag-la-trochita","tag-lago-puelo","tag-paseos-de-sabado","tag-paseos-en-bariloche","tag-tour","tag-viejo-expreso-a-vapor"],"_links":{"self":[{"href":"https:\/\/beltway.tur.ar\/travel\/wp-json\/wp\/v2\/posts\/26112","targetHints":{"allow":["GET"]}}],"collection":[{"href":"https:\/\/beltway.tur.ar\/travel\/wp-json\/wp\/v2\/posts"}],"about":[{"href":"https:\/\/beltway.tur.ar\/travel\/wp-json\/wp\/v2\/types\/post"}],"author":[{"embeddable":true,"href":"https:\/\/beltway.tur.ar\/travel\/wp-json\/wp\/v2\/users\/4"}],"replies":[{"embeddable":true,"href":"https:\/\/beltway.tur.ar\/travel\/wp-json\/wp\/v2\/comments?post=26112"}],"version-history":[{"count":5,"href":"https:\/\/beltway.tur.ar\/travel\/wp-json\/wp\/v2\/posts\/26112\/revisions"}],"predecessor-version":[{"id":26123,"href":"https:\/\/beltway.tur.ar\/travel\/wp-json\/wp\/v2\/posts\/26112\/revisions\/26123"}],"wp:featuredmedia":[{"embeddable":true,"href":"https:\/\/beltway.tur.ar\/travel\/wp-json\/wp\/v2\/media\/26120"}],"wp:attachment":[{"href":"https:\/\/beltway.tur.ar\/travel\/wp-json\/wp\/v2\/media?parent=26112"}],"wp:term":[{"taxonomy":"category","embeddable":true,"href":"https:\/\/beltway.tur.ar\/travel\/wp-json\/wp\/v2\/categories?post=26112"},{"taxonomy":"post_tag","embeddable":true,"href":"https:\/\/beltway.tur.ar\/travel\/wp-json\/wp\/v2\/tags?post=26112"}],"curies":[{"name":"wp","href":"https:\/\/api.w.org\/{rel}","templated":true}]}}