{"id":3050,"date":"2018-05-10T21:42:22","date_gmt":"2018-05-10T21:42:22","guid":{"rendered":"http:\/\/beltway.tur.ar\/travel\/?p=3050"},"modified":"2024-10-16T14:29:24","modified_gmt":"2024-10-16T14:29:24","slug":"extremo-encantado","status":"publish","type":"post","link":"https:\/\/beltway.tur.ar\/travel\/extremo-encantado\/","title":{"rendered":"Extremo Encantado"},"content":{"rendered":"\n<style type=\"text\/css\" data-created_by=\"avia_inline_auto\" id=\"style-css-av-av_one_full-6126cab7d8fab8d08143dd2dacdf673c\">\n.flex_column.av-av_one_full-6126cab7d8fab8d08143dd2dacdf673c{\nborder-radius:0px 0px 0px 0px;\npadding:0px 0px 0px 0px;\n}\n<\/style>\n<div  class='flex_column av-av_one_full-6126cab7d8fab8d08143dd2dacdf673c av_one_full  avia-builder-el-0  el_before_av_one_third  avia-builder-el-first  first flex_column_div av-zero-column-padding  '     ><style type=\"text\/css\" data-created_by=\"avia_inline_auto\" id=\"style-css-av-av_slideshow_accordion-c476b0f3a591701ab0d9872f54def44d\">\n.avia-accordion.av-av_slideshow_accordion-c476b0f3a591701ab0d9872f54def44d{\nmax-height:375px;\n}\n.avia-accordion.av-av_slideshow_accordion-c476b0f3a591701ab0d9872f54def44d .aviaccordion-preview{\nwidth:20.1%;\n}\n#top .avia-accordion.av-av_slideshow_accordion-c476b0f3a591701ab0d9872f54def44d .aviaccordion-title{\nfont-size:10px;\n}\n.avia-accordion .aviaccordion-slide.av-av_slideshow_accordion-c476b0f3a591701ab0d9872f54def44d__0{\nleft:0%;\n}\n.avia-accordion .aviaccordion-slide.av-av_slideshow_accordion-c476b0f3a591701ab0d9872f54def44d__1{\nleft:20%;\n}\n.avia-accordion .aviaccordion-slide.av-av_slideshow_accordion-c476b0f3a591701ab0d9872f54def44d__2{\nleft:40%;\n}\n.avia-accordion .aviaccordion-slide.av-av_slideshow_accordion-c476b0f3a591701ab0d9872f54def44d__3{\nleft:60%;\n}\n.avia-accordion .aviaccordion-slide.av-av_slideshow_accordion-c476b0f3a591701ab0d9872f54def44d__4{\nleft:80%;\n}\n<\/style>\n<div  id=\"accordion_slider_1\"  class='aviaccordion avia-accordion av-av_slideshow_accordion-c476b0f3a591701ab0d9872f54def44d aviaccordion-title-active av-slideshow-autoplay av-loop-endless ' data-slideshow-options=\"{&quot;interval&quot;:3,&quot;autoplay&quot;:true,&quot;loop_autoplay&quot;:&quot;endless&quot;}\"  itemscope=\"itemscope\" itemtype=\"https:\/\/schema.org\/Blog\" ><ul class=\"aviaccordion-inner\"><li class='aviaccordion-slide av-av_slideshow_accordion-c476b0f3a591701ab0d9872f54def44d__0 aviaccordion-slide-1' data-av-left='0'  itemscope=\"itemscope\" itemtype=\"https:\/\/schema.org\/BlogPosting\" itemprop=\"blogPost\" ><a class='aviaccordion-slide-link noHover' href=\"https:\/\/beltway.tur.ar\/travel\/wp-content\/uploads\/2018\/05\/a3581834-a429-4b72-8633-37b3137eb2bc-1030x1030.jpg\"  title=\"a3581834-a429-4b72-8633-37b3137eb2bc\" ><div class='aviaccordion-preview '><\/div><img loading=\"lazy\" decoding=\"async\" width=\"710\" height=\"375\" src=\"https:\/\/beltway.tur.ar\/travel\/wp-content\/uploads\/2018\/05\/a3581834-a429-4b72-8633-37b3137eb2bc-710x375.jpg\" class=\"aviaccordion-image\" alt=\"\" \/><\/a><\/li><li class='aviaccordion-slide av-av_slideshow_accordion-c476b0f3a591701ab0d9872f54def44d__1 aviaccordion-slide-2' data-av-left='20'  itemscope=\"itemscope\" itemtype=\"https:\/\/schema.org\/BlogPosting\" itemprop=\"blogPost\" ><a class='aviaccordion-slide-link noHover' href=\"https:\/\/beltway.tur.ar\/travel\/wp-content\/uploads\/2018\/05\/46f77a6d-a616-4dd8-bed1-89b942dde651-1030x773.jpg\"  title=\"46f77a6d-a616-4dd8-bed1-89b942dde651\" ><div class='aviaccordion-preview '><\/div><img loading=\"lazy\" decoding=\"async\" width=\"710\" height=\"375\" src=\"https:\/\/beltway.tur.ar\/travel\/wp-content\/uploads\/2018\/05\/46f77a6d-a616-4dd8-bed1-89b942dde651-710x375.jpg\" class=\"aviaccordion-image\" alt=\"\" \/><\/a><\/li><li class='aviaccordion-slide av-av_slideshow_accordion-c476b0f3a591701ab0d9872f54def44d__2 aviaccordion-slide-3' data-av-left='40'  itemscope=\"itemscope\" itemtype=\"https:\/\/schema.org\/BlogPosting\" itemprop=\"blogPost\" ><a class='aviaccordion-slide-link noHover' href=\"https:\/\/beltway.tur.ar\/travel\/wp-content\/uploads\/2024\/10\/83e72387-0296-4c29-b312-7527b5158490_batcheditor_fotor-1030x684.jpg\"  title=\"83e72387-0296-4c29-b312-7527b5158490_batcheditor_fotor\" ><div class='aviaccordion-preview '><\/div><img loading=\"lazy\" decoding=\"async\" width=\"710\" height=\"375\" src=\"https:\/\/beltway.tur.ar\/travel\/wp-content\/uploads\/2024\/10\/83e72387-0296-4c29-b312-7527b5158490_batcheditor_fotor-710x375.jpg\" class=\"aviaccordion-image\" alt=\"\" \/><\/a><\/li><li class='aviaccordion-slide av-av_slideshow_accordion-c476b0f3a591701ab0d9872f54def44d__3 aviaccordion-slide-4' data-av-left='60'  itemscope=\"itemscope\" itemtype=\"https:\/\/schema.org\/BlogPosting\" itemprop=\"blogPost\" ><a class='aviaccordion-slide-link noHover' href=\"https:\/\/beltway.tur.ar\/travel\/wp-content\/uploads\/2024\/10\/9cd7d262-e4a9-46c6-8216-9aa0c14aeb50_batcheditor_fotor-1030x687.jpg\"  title=\"9cd7d262-e4a9-46c6-8216-9aa0c14aeb50_batcheditor_fotor\" ><div class='aviaccordion-preview '><\/div><img loading=\"lazy\" decoding=\"async\" width=\"710\" height=\"375\" src=\"https:\/\/beltway.tur.ar\/travel\/wp-content\/uploads\/2024\/10\/9cd7d262-e4a9-46c6-8216-9aa0c14aeb50_batcheditor_fotor-710x375.jpg\" class=\"aviaccordion-image\" alt=\"\" \/><\/a><\/li><li class='aviaccordion-slide av-av_slideshow_accordion-c476b0f3a591701ab0d9872f54def44d__4 aviaccordion-slide-5' data-av-left='80'  itemscope=\"itemscope\" itemtype=\"https:\/\/schema.org\/BlogPosting\" itemprop=\"blogPost\" ><a class='aviaccordion-slide-link noHover' href=\"https:\/\/beltway.tur.ar\/travel\/wp-content\/uploads\/2024\/10\/f2487f6b-03d9-489a-86e1-87e2fd2f0323_batcheditor_fotor-1030x687.jpg\"  title=\"f2487f6b-03d9-489a-86e1-87e2fd2f0323_batcheditor_fotor\" ><div class='aviaccordion-preview '><\/div><img loading=\"lazy\" decoding=\"async\" width=\"710\" height=\"375\" src=\"https:\/\/beltway.tur.ar\/travel\/wp-content\/uploads\/2024\/10\/f2487f6b-03d9-489a-86e1-87e2fd2f0323_batcheditor_fotor-710x375.jpg\" class=\"aviaccordion-image\" alt=\"\" \/><\/a><\/li><\/ul><div class='aviaccordion-spacer' style='padding-bottom:52.816901408451%'><\/div><\/div><\/div>\n<style type=\"text\/css\" data-created_by=\"avia_inline_auto\" id=\"style-css-av-av_one_third-6126cab7d8fab8d08143dd2dacdf673c\">\n.flex_column.av-av_one_third-6126cab7d8fab8d08143dd2dacdf673c{\nborder-radius:0px 0px 0px 0px;\npadding:0px 0px 0px 0px;\n}\n<\/style>\n<div  class='flex_column av-av_one_third-6126cab7d8fab8d08143dd2dacdf673c av_one_third  avia-builder-el-2  el_after_av_one_full  el_before_av_two_third  first flex_column_div av-zero-column-padding  column-top-margin'     ><div  class='av-catalogue-container av-av_catalogue-7bea2df44558fbd9a19bbfcd77d7f0ff  avia-builder-el-3  avia-builder-el-no-sibling '><ul class='av-catalogue-list'>\n<li><div class='av-catalogue-item av-av_catalogue_item-9131dad363660c8feba8fb051c800c3b' ><div class=\"av-catalogue-item-inner\"><div class=\"av-catalogue-title-container\"><div class='av-catalogue-title'>Temporada<\/div><div class='av-catalogue-price'><\/div><\/div><div class=\"av-catalogue-content\">\nTemporada Invernal<br \/>\n<\/div><\/div><\/div><\/li>\n<li><div class='av-catalogue-item av-av_catalogue_item-9b88ef11b34395af3ba29292cb7d30fa' ><div class=\"av-catalogue-item-inner\"><div class=\"av-catalogue-title-container\"><div class='av-catalogue-title'>Duraci\u00f3n<\/div><div class='av-catalogue-price'><\/div><\/div><div class=\"av-catalogue-content\">\nmedio d\u00eda<br \/>\n<\/div><\/div><\/div><\/li>\n<li><div class='av-catalogue-item av-av_catalogue_item-2ea03544f099c98501ac310f91152c55' ><div class=\"av-catalogue-item-inner\"><div class=\"av-catalogue-title-container\"><div class='av-catalogue-title'>Qu\u00e9 Llevar<\/div><div class='av-catalogue-price'><\/div><\/div><div class=\"av-catalogue-content\">\nCalzado y abrigo\u00a0adecuado<br \/>\n<\/div><\/div><\/div><\/li>\n<li><div class='av-catalogue-item av-av_catalogue_item-66e43266f931fc1534919784ad79569c' ><div class=\"av-catalogue-item-inner\"><div class=\"av-catalogue-title-container\"><div class='av-catalogue-title'>Salidas<\/div><div class='av-catalogue-price'><\/div><\/div><div class=\"av-catalogue-content\">\n<ul>\n<li>10:00 a 15:30 Hs. Full con Almuerzo<\/li>\n<li>13:00 a 19:30 Hs. Full con Merienda<\/li>\n<\/ul>\n<\/div><\/div><\/div><\/li>\n<\/ul><\/div><\/div><\/p>\n\n<style type=\"text\/css\" data-created_by=\"avia_inline_auto\" id=\"style-css-av-av_two_third-0aa7055fe62c3622faec82866afbaeb2\">\n.flex_column.av-av_two_third-0aa7055fe62c3622faec82866afbaeb2{\nborder-radius:0px 0px 0px 0px;\npadding:0px 0px 0px 0px;\n}\n<\/style>\n<div  class='flex_column av-av_two_third-0aa7055fe62c3622faec82866afbaeb2 av_two_third  avia-builder-el-4  el_after_av_one_third  el_before_av_one_full  flex_column_div av-zero-column-padding  column-top-margin'     ><section  class='av_textblock_section av-av_textblock-396ddf1f42196ca838231e61a4602801 '   itemscope=\"itemscope\" itemtype=\"https:\/\/schema.org\/BlogPosting\" itemprop=\"blogPost\" ><div class='avia_textblock'  itemprop=\"text\" ><h2>Extremo Encantado<\/h2>\n<p>Todo comienza cuando los pasamos a buscar por el hotel, en el traslado hasta la base del Cerro L\u00f3pez, transitando unos 30 Km por el Circuito Chico. Desde la base parten los jeeps 4&#215;4 que nos llevan hasta el Refugio a 1260 metros de altura. Durante la traves\u00eda, iremos ganando altura sobre el nivel del mar y el camino nos ir\u00e1 sorprendiendo a cada momento con inmejorables vistas desde uno de los bosques m\u00e1s lindos de la regi\u00f3n.<\/p>\n<p>Una vez en el \u00e1rea de actividad, luego de una charla informativa y de seguridad, el gu\u00eda nos colocar\u00e1 las raquetas y comenzaremos una traves\u00eda de 40 minutos, por un bosque nevado de lengas, donde viviremos sensaciones que dejar\u00e1n un profundo recuerdo.<\/p>\n<p>En nuestro tr\u00e1nsito por estos v\u00edrgenes lugares, disfrutaremos las charlas con nuestro gu\u00eda, que nos ir\u00e1 comentando sobre la historia del lugar y las diferentes especies de flora y fauna. Despu\u00e9s de casi una media de traves\u00eda, arribaremos a un mirador, all\u00ed ofreceremos un chocolate caliente o una copita de co\u00f1ac. Luego de disfrutar esta singular parada, emprenderemos el regreso al Refugio donde nos esperaran, nuestros refugieros y el chef, con el almuerzo o merienda, seg\u00fan el horario elegido.<\/p>\n<p><strong>Men\u00fa Almuerzo: <\/strong><\/p>\n<p><em>Apettizer<\/em> Salame criollo, queso de campo, jam\u00f3n natural, aceitunas negras, tomate seco confitado, mousse de trucha ahumada, panificados, grisines, focaccia.<\/p>\n<p><em>Plato Principal<\/em> Fondeu de Queso Acompa\u00f1amiento Raviolones crujientes con salteado de verdeo, calabaza con miel y semillas de lino, manzana verde, crouton, papas r\u00fasticas aromatizadas con tomillo, jam\u00f3n cocido, salchichas asadas en vino tinto, apio con aceto bals\u00e1mico y s\u00e9samo<\/p>\n<p><em>Postre<\/em> Brownie con salsa de dulce de leche, crema batida y polvo de frutos secos.<\/p>\n<p><strong><span style=\"color: #800000;\">NO INCLUYE BEBIDAS.<\/span><\/strong><\/p>\n<p><strong>Men\u00fa Merienda Fondeu de Chocolate.<\/strong><\/p>\n<p>Acompa\u00f1amiento Galletas rellenas, merenguitos caseros, obleas, vainillas, turr\u00f3n de man\u00ed, bud\u00edn de c\u00edtricos, bud\u00edn marmolado, brownie, rodajas de banana, frutillas, cubos de kiwi, dados de manzana, duraznos. Infusiones Variedades de t\u00e9, caf\u00e9, chocolate caliente.<\/p>\n<\/div><\/section><br \/>\n<div  class='hr av-av_hr-dcd2069817a0e3d34ae04cad8f3443c7 hr-default  avia-builder-el-6  el_after_av_textblock  avia-builder-el-last '><span class='hr-inner '><span class=\"hr-inner-style\"><\/span><\/span><\/div><\/p><\/div>\n\n<style type=\"text\/css\" data-created_by=\"avia_inline_auto\" id=\"style-css-av-av_one_full-6126cab7d8fab8d08143dd2dacdf673c\">\n.flex_column.av-av_one_full-6126cab7d8fab8d08143dd2dacdf673c{\nborder-radius:0px 0px 0px 0px;\npadding:0px 0px 0px 0px;\n}\n<\/style>\n<div  class='flex_column av-av_one_full-6126cab7d8fab8d08143dd2dacdf673c av_one_full  avia-builder-el-7  el_after_av_two_third  avia-builder-el-last  first flex_column_div av-zero-column-padding  column-top-margin'     ><div  class='av-social-sharing-box av-av_social_share-7004b35396bd6dc3bfc91a5692fc98e2 av-social-sharing-box-default  avia-builder-el-8  avia-builder-el-no-sibling  av-social-sharing-box-fullwidth'><div class=\"av-share-box\"><h5 class='av-share-link-description av-no-toc '>Compartir esta Excursi\u00f3n<\/h5><ul class=\"av-share-box-list noLightbox\"><li class='av-share-link av-social-link-facebook avia_social_iconfont' ><a target=\"_blank\" aria-label=\"Compartir en Facebook\" href='https:\/\/www.facebook.com\/sharer.php?u=https:\/\/beltway.tur.ar\/travel\/extremo-encantado\/&#038;t=Extremo%20Encantado' data-av_icon='\ue8f3' data-av_iconfont='entypo-fontello'  title='' data-avia-related-tooltip='Compartir en Facebook'><span class='avia_hidden_link_text'>Compartir en Facebook<\/span><\/a><\/li><li class='av-share-link av-social-link-twitter avia_social_iconfont' ><a target=\"_blank\" aria-label=\"Compartir en X\" href='https:\/\/twitter.com\/share?text=Extremo%20Encantado&#038;url=https:\/\/beltway.tur.ar\/travel\/?p=3050' data-av_icon='\ue932' data-av_iconfont='entypo-fontello'  title='' data-avia-related-tooltip='Compartir en X'><span class='avia_hidden_link_text'>Compartir en X<\/span><\/a><\/li><li class='av-share-link av-social-link-pinterest avia_social_iconfont' ><a target=\"_blank\" aria-label=\"Compartir en Pinterest\" href='https:\/\/pinterest.com\/pin\/create\/button\/?url=https%3A%2F%2Fbeltway.tur.ar%2Ftravel%2Fextremo-encantado%2F&#038;description=Extremo%20Encantado&#038;media=https%3A%2F%2Fbeltway.tur.ar%2Ftravel%2Fwp-content%2Fuploads%2F2024%2F10%2F8ff64532-fe43-45d9-8876-b65503cddbb1_batcheditor_fotor-705x471.jpg' data-av_icon='\ue8f8' data-av_iconfont='entypo-fontello'  title='' data-avia-related-tooltip='Compartir en Pinterest'><span class='avia_hidden_link_text'>Compartir en Pinterest<\/span><\/a><\/li><li class='av-share-link av-social-link-mail avia_social_iconfont' ><a  aria-label=\"Compartir por correo\" href='mailto:?subject=Extremo%20Encantado&#038;body=https:\/\/beltway.tur.ar\/travel\/extremo-encantado\/' data-av_icon='\ue805' data-av_iconfont='entypo-fontello'  title='' data-avia-related-tooltip='Compartir por correo'><span class='avia_hidden_link_text'>Compartir por correo<\/span><\/a><\/li><\/ul><\/div><\/div><\/div>\n","protected":false},"excerpt":{"rendered":"","protected":false},"author":4,"featured_media":25920,"comment_status":"open","ping_status":"open","sticky":false,"template":"","format":"standard","meta":{"footnotes":""},"categories":[75,1],"tags":[211,208,37,40,222,41,39,212,38,236,206],"class_list":["post-3050","post","type-post","status-publish","format-standard","has-post-thumbnail","hentry","category-excursiones-de-invierno","category-sin-categoria","tag-actividades-de-nieve","tag-complejo-ski-nordico","tag-cutriciclos","tag-excursion-nocturna","tag-excursiones-en-bariloche","tag-fourtrax","tag-nieve","tag-nieve-bariloche","tag-orugas","tag-paseos-en-bariloche","tag-ski-nordico"],"_links":{"self":[{"href":"https:\/\/beltway.tur.ar\/travel\/wp-json\/wp\/v2\/posts\/3050","targetHints":{"allow":["GET"]}}],"collection":[{"href":"https:\/\/beltway.tur.ar\/travel\/wp-json\/wp\/v2\/posts"}],"about":[{"href":"https:\/\/beltway.tur.ar\/travel\/wp-json\/wp\/v2\/types\/post"}],"author":[{"embeddable":true,"href":"https:\/\/beltway.tur.ar\/travel\/wp-json\/wp\/v2\/users\/4"}],"replies":[{"embeddable":true,"href":"https:\/\/beltway.tur.ar\/travel\/wp-json\/wp\/v2\/comments?post=3050"}],"version-history":[{"count":7,"href":"https:\/\/beltway.tur.ar\/travel\/wp-json\/wp\/v2\/posts\/3050\/revisions"}],"predecessor-version":[{"id":25941,"href":"https:\/\/beltway.tur.ar\/travel\/wp-json\/wp\/v2\/posts\/3050\/revisions\/25941"}],"wp:featuredmedia":[{"embeddable":true,"href":"https:\/\/beltway.tur.ar\/travel\/wp-json\/wp\/v2\/media\/25920"}],"wp:attachment":[{"href":"https:\/\/beltway.tur.ar\/travel\/wp-json\/wp\/v2\/media?parent=3050"}],"wp:term":[{"taxonomy":"category","embeddable":true,"href":"https:\/\/beltway.tur.ar\/travel\/wp-json\/wp\/v2\/categories?post=3050"},{"taxonomy":"post_tag","embeddable":true,"href":"https:\/\/beltway.tur.ar\/travel\/wp-json\/wp\/v2\/tags?post=3050"}],"curies":[{"name":"wp","href":"https:\/\/api.w.org\/{rel}","templated":true}]}}