{"id":3151,"date":"2018-04-11T16:16:09","date_gmt":"2018-04-11T16:16:09","guid":{"rendered":"http:\/\/beltway.tur.ar\/travel\/?p=3151"},"modified":"2026-03-25T14:49:59","modified_gmt":"2026-03-25T14:49:59","slug":"el-mallin-tango","status":"publish","type":"post","link":"https:\/\/beltway.tur.ar\/travel\/el-mallin-tango\/","title":{"rendered":"El Mallin Tango"},"content":{"rendered":"\n<style type=\"text\/css\" data-created_by=\"avia_inline_auto\" id=\"style-css-av-av_one_full-6126cab7d8fab8d08143dd2dacdf673c\">\n.flex_column.av-av_one_full-6126cab7d8fab8d08143dd2dacdf673c{\nborder-radius:0px 0px 0px 0px;\npadding:0px 0px 0px 0px;\n}\n<\/style>\n<div  class='flex_column av-av_one_full-6126cab7d8fab8d08143dd2dacdf673c av_one_full  avia-builder-el-0  el_before_av_one_third  avia-builder-el-first  first flex_column_div av-zero-column-padding  '     ><style type=\"text\/css\" data-created_by=\"avia_inline_auto\" id=\"style-css-av-av_slideshow_accordion-f49741255d9bb3e4330563e58e5a81b9\">\n.avia-accordion.av-av_slideshow_accordion-f49741255d9bb3e4330563e58e5a81b9{\nmax-height:423px;\n}\n.avia-accordion.av-av_slideshow_accordion-f49741255d9bb3e4330563e58e5a81b9 .aviaccordion-preview{\nwidth:17.1%;\n}\n#top .avia-accordion.av-av_slideshow_accordion-f49741255d9bb3e4330563e58e5a81b9 .aviaccordion-title{\nfont-size:10px;\n}\n.avia-accordion .aviaccordion-slide.av-av_slideshow_accordion-f49741255d9bb3e4330563e58e5a81b9__0{\nleft:0%;\n}\n.avia-accordion .aviaccordion-slide.av-av_slideshow_accordion-f49741255d9bb3e4330563e58e5a81b9__1{\nleft:16.666666666667%;\n}\n.avia-accordion .aviaccordion-slide.av-av_slideshow_accordion-f49741255d9bb3e4330563e58e5a81b9__2{\nleft:33.333333333333%;\n}\n.avia-accordion .aviaccordion-slide.av-av_slideshow_accordion-f49741255d9bb3e4330563e58e5a81b9__3{\nleft:50%;\n}\n.avia-accordion .aviaccordion-slide.av-av_slideshow_accordion-f49741255d9bb3e4330563e58e5a81b9__4{\nleft:66.666666666667%;\n}\n.avia-accordion .aviaccordion-slide.av-av_slideshow_accordion-f49741255d9bb3e4330563e58e5a81b9__5{\nleft:83.333333333333%;\n}\n<\/style>\n<div  id=\"accordion_slider_1\"  class='aviaccordion avia-accordion av-av_slideshow_accordion-f49741255d9bb3e4330563e58e5a81b9 aviaccordion-title-active av-slideshow-autoplay av-loop-endless ' data-slideshow-options=\"{&quot;interval&quot;:3,&quot;autoplay&quot;:true,&quot;loop_autoplay&quot;:&quot;endless&quot;}\"  itemscope=\"itemscope\" itemtype=\"https:\/\/schema.org\/Blog\" ><ul class=\"aviaccordion-inner\"><li class='aviaccordion-slide av-av_slideshow_accordion-f49741255d9bb3e4330563e58e5a81b9__0 aviaccordion-slide-1' data-av-left='0'  itemscope=\"itemscope\" itemtype=\"https:\/\/schema.org\/BlogPosting\" itemprop=\"blogPost\" ><a class='aviaccordion-slide-link noHover' href=\"\"  ><div class='aviaccordion-preview '><\/div><\/a><\/li><li class='aviaccordion-slide av-av_slideshow_accordion-f49741255d9bb3e4330563e58e5a81b9__1 aviaccordion-slide-2' data-av-left='16.666666666667'  itemscope=\"itemscope\" itemtype=\"https:\/\/schema.org\/BlogPosting\" itemprop=\"blogPost\" ><a class='aviaccordion-slide-link noHover' href=\"\"  ><div class='aviaccordion-preview '><\/div><\/a><\/li><li class='aviaccordion-slide av-av_slideshow_accordion-f49741255d9bb3e4330563e58e5a81b9__2 aviaccordion-slide-3' data-av-left='33.333333333333'  itemscope=\"itemscope\" itemtype=\"https:\/\/schema.org\/BlogPosting\" itemprop=\"blogPost\" ><a class='aviaccordion-slide-link noHover' href=\"\"  ><div class='aviaccordion-preview '><\/div><\/a><\/li><li class='aviaccordion-slide av-av_slideshow_accordion-f49741255d9bb3e4330563e58e5a81b9__3 aviaccordion-slide-4' data-av-left='50'  itemscope=\"itemscope\" itemtype=\"https:\/\/schema.org\/BlogPosting\" itemprop=\"blogPost\" ><a class='aviaccordion-slide-link noHover' href=\"\"  ><div class='aviaccordion-preview '><\/div><\/a><\/li><li class='aviaccordion-slide av-av_slideshow_accordion-f49741255d9bb3e4330563e58e5a81b9__4 aviaccordion-slide-5' data-av-left='66.666666666667'  itemscope=\"itemscope\" itemtype=\"https:\/\/schema.org\/BlogPosting\" itemprop=\"blogPost\" ><a class='aviaccordion-slide-link noHover' href=\"\"  ><div class='aviaccordion-preview '><\/div><\/a><\/li><li class='aviaccordion-slide av-av_slideshow_accordion-f49741255d9bb3e4330563e58e5a81b9__5 aviaccordion-slide-6' data-av-left='83.333333333333'  itemscope=\"itemscope\" itemtype=\"https:\/\/schema.org\/BlogPosting\" itemprop=\"blogPost\" ><a class='aviaccordion-slide-link noHover' href=\"\"  ><div class='aviaccordion-preview '><\/div><\/a><\/li><\/ul><div class='aviaccordion-spacer' style='padding-bottom:34.95867768595%'><\/div><\/div><\/div>\n\n<style type=\"text\/css\" data-created_by=\"avia_inline_auto\" id=\"style-css-av-av_one_third-6126cab7d8fab8d08143dd2dacdf673c\">\n.flex_column.av-av_one_third-6126cab7d8fab8d08143dd2dacdf673c{\nborder-radius:0px 0px 0px 0px;\npadding:0px 0px 0px 0px;\n}\n<\/style>\n<div  class='flex_column av-av_one_third-6126cab7d8fab8d08143dd2dacdf673c av_one_third  avia-builder-el-2  el_after_av_one_full  el_before_av_two_third  first flex_column_div av-zero-column-padding  column-top-margin'     ><div  class='av-catalogue-container av-av_catalogue-7bea2df44558fbd9a19bbfcd77d7f0ff  avia-builder-el-3  avia-builder-el-no-sibling '><ul class='av-catalogue-list'>\n<li><div class='av-catalogue-item av-av_catalogue_item-73dcfb9c0b4930519afa60b7df537e18' ><div class=\"av-catalogue-item-inner\"><div class=\"av-catalogue-title-container\"><div class='av-catalogue-title'>dias de salida<\/div><div class='av-catalogue-price'><\/div><\/div><div class=\"av-catalogue-content\">\nmartes, mi\u00e9rcoles, jueves y viernes<br \/>\n<\/div><\/div><\/div><\/li>\n<li><div class='av-catalogue-item av-av_catalogue_item-2a8836ed6cb2582ae7f2ded598fcfa2a' ><div class=\"av-catalogue-item-inner\"><div class=\"av-catalogue-title-container\"><div class='av-catalogue-title'>Duraci\u00f3n<\/div><div class='av-catalogue-price'><\/div><\/div><div class=\"av-catalogue-content\">\n1h 40min<br \/>\n<\/div><\/div><\/div><\/li>\n<li><div class='av-catalogue-item av-av_catalogue_item-6ba6120b0ec412a154d700759f5a5c9a' ><div class=\"av-catalogue-item-inner\"><div class=\"av-catalogue-title-container\"><div class='av-catalogue-title'>No incluye<\/div><div class='av-catalogue-price'><\/div><\/div><div class=\"av-catalogue-content\">\nTraslado al restaurante opcional (consultar) , propinas<br \/>\n<\/div><\/div><\/div><\/li>\n<li><div class='av-catalogue-item av-av_catalogue_item-99ad92759fc9487477f24c9d7928a182' ><div class=\"av-catalogue-item-inner\"><div class=\"av-catalogue-title-container\"><div class='av-catalogue-title'>Horario<\/div><div class='av-catalogue-price'><\/div><\/div><div class=\"av-catalogue-content\">\n20:30hs a 22:20hs<br \/>\n<\/div><\/div><\/div><\/li>\n<\/ul><\/div><\/div>\n<style type=\"text\/css\" data-created_by=\"avia_inline_auto\" id=\"style-css-av-av_two_third-0aa7055fe62c3622faec82866afbaeb2\">\n.flex_column.av-av_two_third-0aa7055fe62c3622faec82866afbaeb2{\nborder-radius:0px 0px 0px 0px;\npadding:0px 0px 0px 0px;\n}\n<\/style>\n<div  class='flex_column av-av_two_third-0aa7055fe62c3622faec82866afbaeb2 av_two_third  avia-builder-el-4  el_after_av_one_third  el_before_av_one_full  flex_column_div av-zero-column-padding  column-top-margin'     ><section  class='av_textblock_section av-av_textblock-396ddf1f42196ca838231e61a4602801 '   itemscope=\"itemscope\" itemtype=\"https:\/\/schema.org\/BlogPosting\" itemprop=\"blogPost\" ><div class='avia_textblock'  itemprop=\"text\" ><h2>EL MALLIN TANGO<\/h2>\n<p>SHOW \u201cuna noche inolvidable, con el Tango\u201d<br \/>\nCompa\u00f1\u00eda de tango compuesta por 3 parejas de baile, m\u00fasica original, artistas locales.<br \/>\nEl Mallin Tango ambientado como viejo almacen de la Patagonia y exibicion de antig\u00fcedades.<\/p>\n<p><i>La reconocida compa\u00f1\u00eda de tango \u00a8Del otro lado\u00a8, dirigida por Silvana Grill, *ofrecer\u00e1 todas las noches un show protagonizado por tres parejas profesionales de baile, con m\u00fasica original y artistas locales*. Se trata de un espect\u00e1culo \u00fanico en esta ciudad, que tendr\u00e1 lugar en un espacio especialmente ambientado con antig\u00fcedades y piezas de enorme valor hist\u00f3rico. Cuando los espectadores ingresen a El Mall\u00edn Tango se encontrar\u00e1n dentro de un viejo almac\u00e9n de la Patagonia, rodeados de un clima que acompa\u00f1a a la perfecci\u00f3n la escena y pone en valor la m\u00edstica caracter\u00edstica del tango.<\/i><\/p>\n<p>CENA<\/p>\n<p>ENTRADA: Sopa de calabaza asada (sin tacc) y Empanada de carne.<\/p>\n<p>PRINCIPALES (opciones).<br \/>\nCordero braseado, cocci\u00f3n lenta 4 hs, pure de papas y tomates confitados (sin tacc)<br \/>\nTrucha a la criolla, pure de papas, cebolla y espinaca salteada y vinagreta de oliva y aceto (sin tacc)<br \/>\nCanelones integrales rellenos de ricota y verdura, salsa a elecci\u00f3n fileto o crema.<\/p>\n<p>POSTRES (opciones)<br \/>\nMousse de Limon, pistacho y merengue flambeado (sin tacc)<\/p>\n<p>MENU NI\u00d1OS: milanesa con pure y boche de helado crema americana o chocolate<br \/>\n(*menores de 12 a\u00f1os)<\/p>\n<p>BEBIDAS: agua, gaseosas, Bodega Chandon, Vinos Altos del Plata Varietales, Malbec, Chardonnay,<br \/>\nChampagne Chandon Extra Brut<\/p>\n<\/div><\/section><br \/>\n<div  class='hr av-av_hr-dcd2069817a0e3d34ae04cad8f3443c7 hr-default  avia-builder-el-6  el_after_av_textblock  avia-builder-el-last '><span class='hr-inner '><span class=\"hr-inner-style\"><\/span><\/span><\/div><\/p><\/div><\/p>\n\n<style type=\"text\/css\" data-created_by=\"avia_inline_auto\" id=\"style-css-av-av_one_full-6126cab7d8fab8d08143dd2dacdf673c\">\n.flex_column.av-av_one_full-6126cab7d8fab8d08143dd2dacdf673c{\nborder-radius:0px 0px 0px 0px;\npadding:0px 0px 0px 0px;\n}\n<\/style>\n<div  class='flex_column av-av_one_full-6126cab7d8fab8d08143dd2dacdf673c av_one_full  avia-builder-el-7  el_after_av_two_third  el_before_av_three_fifth  first flex_column_div av-zero-column-padding  column-top-margin'     ><div  class='av-social-sharing-box av-av_social_share-7004b35396bd6dc3bfc91a5692fc98e2 av-social-sharing-box-default  avia-builder-el-8  avia-builder-el-no-sibling  av-social-sharing-box-fullwidth'><div class=\"av-share-box\"><h5 class='av-share-link-description av-no-toc '>Compartir esta Excursi\u00f3n<\/h5><ul class=\"av-share-box-list noLightbox\"><li class='av-share-link av-social-link-facebook avia_social_iconfont' ><a target=\"_blank\" aria-label=\"Compartir en Facebook\" href='https:\/\/www.facebook.com\/sharer.php?u=https:\/\/beltway.tur.ar\/travel\/el-mallin-tango\/&#038;t=El%20Mallin%20Tango' data-av_icon='\ue8f3' data-av_iconfont='entypo-fontello'  title='' data-avia-related-tooltip='Compartir en Facebook'><span class='avia_hidden_link_text'>Compartir en Facebook<\/span><\/a><\/li><li class='av-share-link av-social-link-twitter avia_social_iconfont' ><a target=\"_blank\" aria-label=\"Compartir en X\" href='https:\/\/twitter.com\/share?text=El%20Mallin%20Tango&#038;url=https:\/\/beltway.tur.ar\/travel\/?p=3151' data-av_icon='\ue932' data-av_iconfont='entypo-fontello'  title='' data-avia-related-tooltip='Compartir en X'><span class='avia_hidden_link_text'>Compartir en X<\/span><\/a><\/li><li class='av-share-link av-social-link-pinterest avia_social_iconfont' ><a target=\"_blank\" aria-label=\"Compartir en Pinterest\" href='https:\/\/pinterest.com\/pin\/create\/button\/?url=https%3A%2F%2Fbeltway.tur.ar%2Ftravel%2Fel-mallin-tango%2F&#038;description=El%20Mallin%20Tango&#038;media=' data-av_icon='\ue8f8' data-av_iconfont='entypo-fontello'  title='' data-avia-related-tooltip='Compartir en Pinterest'><span class='avia_hidden_link_text'>Compartir en Pinterest<\/span><\/a><\/li><li class='av-share-link av-social-link-mail avia_social_iconfont' ><a  aria-label=\"Compartir por correo\" href='mailto:?subject=El%20Mallin%20Tango&#038;body=https:\/\/beltway.tur.ar\/travel\/el-mallin-tango\/' data-av_icon='\ue805' data-av_iconfont='entypo-fontello'  title='' data-avia-related-tooltip='Compartir por correo'><span class='avia_hidden_link_text'>Compartir por correo<\/span><\/a><\/li><\/ul><\/div><\/div><\/div>\n\n<style type=\"text\/css\" data-created_by=\"avia_inline_auto\" id=\"style-css-av-av_three_fifth-6126cab7d8fab8d08143dd2dacdf673c\">\n.flex_column.av-av_three_fifth-6126cab7d8fab8d08143dd2dacdf673c{\nborder-radius:0px 0px 0px 0px;\npadding:0px 0px 0px 0px;\n}\n<\/style>\n<div  class='flex_column av-av_three_fifth-6126cab7d8fab8d08143dd2dacdf673c av_three_fifth  avia-builder-el-9  el_after_av_one_full  avia-builder-el-last  first flex_column_div av-zero-column-padding  column-top-margin'     ><\/div>\n","protected":false},"excerpt":{"rendered":"","protected":false},"author":4,"featured_media":0,"comment_status":"open","ping_status":"open","sticky":false,"template":"","format":"standard","meta":{"footnotes":""},"categories":[75,1],"tags":[252,222,253,89,236,254,255,205],"class_list":["post-3151","post","type-post","status-publish","format-standard","hentry","category-excursiones-de-invierno","category-sin-categoria","tag-el-mallin-tango","tag-excursiones-en-bariloche","tag-mallin-tango","tag-nahuel-huapi","tag-paseos-en-bariloche","tag-show-de-tango","tag-tango-baile","tag-tango-en-bariloche"],"_links":{"self":[{"href":"https:\/\/beltway.tur.ar\/travel\/wp-json\/wp\/v2\/posts\/3151","targetHints":{"allow":["GET"]}}],"collection":[{"href":"https:\/\/beltway.tur.ar\/travel\/wp-json\/wp\/v2\/posts"}],"about":[{"href":"https:\/\/beltway.tur.ar\/travel\/wp-json\/wp\/v2\/types\/post"}],"author":[{"embeddable":true,"href":"https:\/\/beltway.tur.ar\/travel\/wp-json\/wp\/v2\/users\/4"}],"replies":[{"embeddable":true,"href":"https:\/\/beltway.tur.ar\/travel\/wp-json\/wp\/v2\/comments?post=3151"}],"version-history":[{"count":7,"href":"https:\/\/beltway.tur.ar\/travel\/wp-json\/wp\/v2\/posts\/3151\/revisions"}],"predecessor-version":[{"id":3901,"href":"https:\/\/beltway.tur.ar\/travel\/wp-json\/wp\/v2\/posts\/3151\/revisions\/3901"}],"wp:attachment":[{"href":"https:\/\/beltway.tur.ar\/travel\/wp-json\/wp\/v2\/media?parent=3151"}],"wp:term":[{"taxonomy":"category","embeddable":true,"href":"https:\/\/beltway.tur.ar\/travel\/wp-json\/wp\/v2\/categories?post=3151"},{"taxonomy":"post_tag","embeddable":true,"href":"https:\/\/beltway.tur.ar\/travel\/wp-json\/wp\/v2\/tags?post=3151"}],"curies":[{"name":"wp","href":"https:\/\/api.w.org\/{rel}","templated":true}]}}