{"id":3242,"date":"2019-11-18T13:56:14","date_gmt":"2019-11-18T13:56:14","guid":{"rendered":"http:\/\/beltway.tur.ar\/travel\/?p=3242"},"modified":"2026-03-25T14:53:57","modified_gmt":"2026-03-25T14:53:57","slug":"la-fragua","status":"publish","type":"post","link":"https:\/\/beltway.tur.ar\/travel\/la-fragua\/","title":{"rendered":"Cabalgata en la Estepa"},"content":{"rendered":"\n<style type=\"text\/css\" data-created_by=\"avia_inline_auto\" id=\"style-css-av-wc12qy-09aecf0048c130d44521c1f0a38049b9\">\n.flex_column.av-wc12qy-09aecf0048c130d44521c1f0a38049b9{\nborder-radius:0px 0px 0px 0px;\npadding:0px 0px 0px 0px;\n}\n<\/style>\n<div  class='flex_column av-wc12qy-09aecf0048c130d44521c1f0a38049b9 av_one_full  avia-builder-el-0  el_before_av_one_third  avia-builder-el-first  first flex_column_div av-zero-column-padding  '     ><style type=\"text\/css\" data-created_by=\"avia_inline_auto\" id=\"style-css-av-m3orzyix-b2f10ec407d2da53ef371377ad5de7aa\">\n.avia-accordion.av-m3orzyix-b2f10ec407d2da53ef371377ad5de7aa{\nmax-height:375px;\n}\n.avia-accordion.av-m3orzyix-b2f10ec407d2da53ef371377ad5de7aa .aviaccordion-preview{\nwidth:20.1%;\n}\n#top .avia-accordion.av-m3orzyix-b2f10ec407d2da53ef371377ad5de7aa .aviaccordion-title{\nfont-size:10px;\n}\n.avia-accordion .aviaccordion-slide.av-m3orzyix-b2f10ec407d2da53ef371377ad5de7aa__0{\nleft:0%;\n}\n.avia-accordion .aviaccordion-slide.av-m3orzyix-b2f10ec407d2da53ef371377ad5de7aa__1{\nleft:20%;\n}\n.avia-accordion .aviaccordion-slide.av-m3orzyix-b2f10ec407d2da53ef371377ad5de7aa__2{\nleft:40%;\n}\n.avia-accordion .aviaccordion-slide.av-m3orzyix-b2f10ec407d2da53ef371377ad5de7aa__3{\nleft:60%;\n}\n.avia-accordion .aviaccordion-slide.av-m3orzyix-b2f10ec407d2da53ef371377ad5de7aa__4{\nleft:80%;\n}\n<\/style>\n<div  id=\"accordion_slider_1\"  class='aviaccordion avia-accordion av-m3orzyix-b2f10ec407d2da53ef371377ad5de7aa aviaccordion-title-active av-slideshow-autoplay av-loop-endless ' data-slideshow-options=\"{&quot;interval&quot;:3,&quot;autoplay&quot;:true,&quot;loop_autoplay&quot;:&quot;endless&quot;}\"  itemscope=\"itemscope\" itemtype=\"https:\/\/schema.org\/Blog\" ><ul class=\"aviaccordion-inner\"><li class='aviaccordion-slide av-m3orzyix-b2f10ec407d2da53ef371377ad5de7aa__0 aviaccordion-slide-1' data-av-left='0'  itemscope=\"itemscope\" itemtype=\"https:\/\/schema.org\/BlogPosting\" itemprop=\"blogPost\" ><a class='aviaccordion-slide-link noHover' href=\"https:\/\/beltway.tur.ar\/travel\/wp-content\/uploads\/2019\/11\/438811834_18392302342078382_277200632259434465_n-1030x773.jpeg\"  title=\"438811834_18392302342078382_277200632259434465_n\" ><div class='aviaccordion-preview '><\/div><img loading=\"lazy\" decoding=\"async\" width=\"710\" height=\"375\" src=\"https:\/\/beltway.tur.ar\/travel\/wp-content\/uploads\/2019\/11\/438811834_18392302342078382_277200632259434465_n-710x375.jpeg\" class=\"aviaccordion-image\" alt=\"\" \/><\/a><\/li><li class='aviaccordion-slide av-m3orzyix-b2f10ec407d2da53ef371377ad5de7aa__1 aviaccordion-slide-2' data-av-left='20'  itemscope=\"itemscope\" itemtype=\"https:\/\/schema.org\/BlogPosting\" itemprop=\"blogPost\" ><a class='aviaccordion-slide-link noHover' href=\"https:\/\/beltway.tur.ar\/travel\/wp-content\/uploads\/2019\/11\/310252850_10159176563231733_8892675280407293675_n-1030x686.jpeg\"  title=\"310252850_10159176563231733_8892675280407293675_n\" ><div class='aviaccordion-preview '><\/div><img loading=\"lazy\" decoding=\"async\" width=\"710\" height=\"375\" src=\"https:\/\/beltway.tur.ar\/travel\/wp-content\/uploads\/2019\/11\/310252850_10159176563231733_8892675280407293675_n-710x375.jpeg\" class=\"aviaccordion-image\" alt=\"\" \/><\/a><\/li><li class='aviaccordion-slide av-m3orzyix-b2f10ec407d2da53ef371377ad5de7aa__2 aviaccordion-slide-3' data-av-left='40'  itemscope=\"itemscope\" itemtype=\"https:\/\/schema.org\/BlogPosting\" itemprop=\"blogPost\" ><a class='aviaccordion-slide-link noHover' href=\"https:\/\/beltway.tur.ar\/travel\/wp-content\/uploads\/2019\/11\/48270263_2502023146537326_7181709712944005120_n-1030x687.jpeg\"  title=\"48270263_2502023146537326_7181709712944005120_n\" ><div class='aviaccordion-preview '><\/div><img loading=\"lazy\" decoding=\"async\" width=\"710\" height=\"375\" src=\"https:\/\/beltway.tur.ar\/travel\/wp-content\/uploads\/2019\/11\/48270263_2502023146537326_7181709712944005120_n-710x375.jpeg\" class=\"aviaccordion-image\" alt=\"\" \/><\/a><\/li><li class='aviaccordion-slide av-m3orzyix-b2f10ec407d2da53ef371377ad5de7aa__3 aviaccordion-slide-4' data-av-left='60'  itemscope=\"itemscope\" itemtype=\"https:\/\/schema.org\/BlogPosting\" itemprop=\"blogPost\" ><a class='aviaccordion-slide-link noHover' href=\"https:\/\/beltway.tur.ar\/travel\/wp-content\/uploads\/2024\/10\/10355539_756009111129582_8856381759815826361_o_batcheditor_fotor-1030x683.jpeg\"  title=\"10355539_756009111129582_8856381759815826361_o_batcheditor_fotor\" ><div class='aviaccordion-preview '><\/div><img loading=\"lazy\" decoding=\"async\" width=\"710\" height=\"375\" src=\"https:\/\/beltway.tur.ar\/travel\/wp-content\/uploads\/2024\/10\/10355539_756009111129582_8856381759815826361_o_batcheditor_fotor-710x375.jpeg\" class=\"aviaccordion-image\" alt=\"\" \/><\/a><\/li><li class='aviaccordion-slide av-m3orzyix-b2f10ec407d2da53ef371377ad5de7aa__4 aviaccordion-slide-5' data-av-left='80'  itemscope=\"itemscope\" itemtype=\"https:\/\/schema.org\/BlogPosting\" itemprop=\"blogPost\" ><a class='aviaccordion-slide-link noHover' href=\"https:\/\/beltway.tur.ar\/travel\/wp-content\/uploads\/2024\/10\/458754306_10229863483204975_1700889464864470083_n_batcheditor_fotor-1030x1030.jpeg\"  title=\"458754306_10229863483204975_1700889464864470083_n_batcheditor_fotor\" ><div class='aviaccordion-preview '><\/div><img loading=\"lazy\" decoding=\"async\" width=\"710\" height=\"375\" src=\"https:\/\/beltway.tur.ar\/travel\/wp-content\/uploads\/2024\/10\/458754306_10229863483204975_1700889464864470083_n_batcheditor_fotor-710x375.jpeg\" class=\"aviaccordion-image\" alt=\"\" \/><\/a><\/li><\/ul><div class='aviaccordion-spacer' style='padding-bottom:52.816901408451%'><\/div><\/div><\/div>\n<style type=\"text\/css\" data-created_by=\"avia_inline_auto\" id=\"style-css-av-kgw9xm-32aacca909263520389ab43bf57c5b44\">\n.flex_column.av-kgw9xm-32aacca909263520389ab43bf57c5b44{\nborder-radius:0px 0px 0px 0px;\npadding:0px 0px 0px 0px;\n}\n<\/style>\n<div  class='flex_column av-kgw9xm-32aacca909263520389ab43bf57c5b44 av_one_third  avia-builder-el-2  el_after_av_one_full  el_before_av_two_third  first flex_column_div av-zero-column-padding  column-top-margin'     ><div  class='av-catalogue-container av-1w679m-ab6c647acd3e033651310bb942a318cb  avia-builder-el-3  avia-builder-el-no-sibling '><ul class='av-catalogue-list'>\n<li><div class='av-catalogue-item av-hq1od6-5bb7eb1b79373964bce20b6f1f5340b8' ><div class=\"av-catalogue-item-inner\"><div class=\"av-catalogue-title-container\"><div class='av-catalogue-title'>Temporada<\/div><div class='av-catalogue-price'><\/div><\/div><div class=\"av-catalogue-content\">\nTodo el\u00a0A\u00f1o<br \/>\n<\/div><\/div><\/div><\/li>\n<li><div class='av-catalogue-item av-g978pm-83df2229a0cef9c147eb34d0ba735cbe' ><div class=\"av-catalogue-item-inner\"><div class=\"av-catalogue-title-container\"><div class='av-catalogue-title'>Duraci\u00f3n<\/div><div class='av-catalogue-price'><\/div><\/div><div class=\"av-catalogue-content\">\nMedio D\u00eda o D\u00eda Completo<br \/>\n<\/div><\/div><\/div><\/li>\n<li><div class='av-catalogue-item av-em4m2i-ad206d26db1b0cc21e471d3e60534692' ><div class=\"av-catalogue-item-inner\"><div class=\"av-catalogue-title-container\"><div class='av-catalogue-title'>Qu\u00e9 Llevar?<\/div><div class='av-catalogue-price'><\/div><\/div><div class=\"av-catalogue-content\">\nRopa y calzado c\u00f3modo.<br \/>\n<\/div><\/div><\/div><\/li>\n<li><div class='av-catalogue-item av-cv0vnu-8a96acac9679aa40247fbed4185f1556' ><div class=\"av-catalogue-item-inner\"><div class=\"av-catalogue-title-container\"><div class='av-catalogue-title'>Salidas<\/div><div class='av-catalogue-price'><\/div><\/div><div class=\"av-catalogue-content\">\n9.30hs a 15.30hs<br \/>\n<\/div><\/div><\/div><\/li>\n<\/ul><\/div><\/div><\/p>\n\n<style type=\"text\/css\" data-created_by=\"avia_inline_auto\" id=\"style-css-av-b1w9sq-0f7f1e61b05a69a4f5bf056e41c9c795\">\n.flex_column.av-b1w9sq-0f7f1e61b05a69a4f5bf056e41c9c795{\nborder-radius:0px 0px 0px 0px;\npadding:0px 0px 0px 0px;\n}\n<\/style>\n<div  class='flex_column av-b1w9sq-0f7f1e61b05a69a4f5bf056e41c9c795 av_two_third  avia-builder-el-4  el_after_av_one_third  el_before_av_one_full  flex_column_div av-zero-column-padding  column-top-margin'     ><section  class='av_textblock_section av-94ncfe-fb3fa41da7d1eac1a2aeef8c5582dffc '   itemscope=\"itemscope\" itemtype=\"https:\/\/schema.org\/BlogPosting\" itemprop=\"blogPost\" ><div class='avia_textblock'  itemprop=\"text\" ><h2>Cabalgatas La Fragua<\/h2>\n<p>Cabalgata de medio d\u00eda o d\u00eda completo, La Fragua funciona todo el a\u00f1o, de lunes a s\u00e1bados.<\/p>\n<p>La Estancia se encuentra a 30km de San Carlos de Bariloche, a 45 minutos de viaje, aproximadamente. Se ubica dentro de la Incre\u00edble Estepa Patag\u00f3nica, que te da la posibilidad de cabalgar por terrenos irregulares, ondulados, con subidas y bajadas, en donde se cruzan vados, arroyos y con las vistas m\u00e1s lindas. Tenemos caballos propios, muy bien cuidados y mansos, que est\u00e1n acostumbrados a ser montados por distintas personas; por lo que no es necesario tener experiencia. Es un paseo para toda la familia, los ni\u00f1os a partir de los 2 a\u00f1os pueden realizar la excursi\u00f3n. Durante nuestra cabalgata se puede avistar fauna t\u00edpica del lugar, que vive en estado natural; desde ciervos, lo m\u00e1s dif\u00edcil de ver porque se esconden, hasta C\u00f3ndores, una de las aves m\u00e1s grandes capaces de volar. Y despu\u00e9s relajarse y degustar del m\u00e1s rico asado.<\/p>\n<\/div><\/section><br \/>\n<div  class='hr av-89csve-31f2b060bab48ffdc74ec708b905eb15 hr-default  avia-builder-el-6  el_after_av_textblock  avia-builder-el-last '><span class='hr-inner '><span class=\"hr-inner-style\"><\/span><\/span><\/div><\/p><\/div>\n\n<style type=\"text\/css\" data-created_by=\"avia_inline_auto\" id=\"style-css-av-68u7e2-e9418edbdb95517d253ef5bce55c8605\">\n.flex_column.av-68u7e2-e9418edbdb95517d253ef5bce55c8605{\nborder-radius:0px 0px 0px 0px;\npadding:0px 0px 0px 0px;\n}\n<\/style>\n<div  class='flex_column av-68u7e2-e9418edbdb95517d253ef5bce55c8605 av_one_full  avia-builder-el-7  el_after_av_two_third  el_before_av_three_fifth  first flex_column_div av-zero-column-padding  column-top-margin'     ><div  class='av-social-sharing-box av-4xmbei-ab95d627a50604eac89fcfbd0071b3de av-social-sharing-box-default  avia-builder-el-8  avia-builder-el-no-sibling  av-social-sharing-box-fullwidth'><div class=\"av-share-box\"><h5 class='av-share-link-description av-no-toc '>Compartir esta Excursi\u00f3n<\/h5><ul class=\"av-share-box-list noLightbox\"><li class='av-share-link av-social-link-facebook avia_social_iconfont' ><a target=\"_blank\" aria-label=\"Compartir en Facebook\" href='https:\/\/www.facebook.com\/sharer.php?u=https:\/\/beltway.tur.ar\/travel\/la-fragua\/&#038;t=Cabalgata%20en%20la%20Estepa' data-av_icon='\ue8f3' data-av_iconfont='entypo-fontello'  title='' data-avia-related-tooltip='Compartir en Facebook'><span class='avia_hidden_link_text'>Compartir en Facebook<\/span><\/a><\/li><li class='av-share-link av-social-link-twitter avia_social_iconfont' ><a target=\"_blank\" aria-label=\"Compartir en X\" href='https:\/\/twitter.com\/share?text=Cabalgata%20en%20la%20Estepa&#038;url=https:\/\/beltway.tur.ar\/travel\/?p=3242' data-av_icon='\ue932' data-av_iconfont='entypo-fontello'  title='' data-avia-related-tooltip='Compartir en X'><span class='avia_hidden_link_text'>Compartir en X<\/span><\/a><\/li><li class='av-share-link av-social-link-pinterest avia_social_iconfont' ><a target=\"_blank\" aria-label=\"Compartir en Pinterest\" href='https:\/\/pinterest.com\/pin\/create\/button\/?url=https%3A%2F%2Fbeltway.tur.ar%2Ftravel%2Fla-fragua%2F&#038;description=Cabalgata%20en%20la%20Estepa&#038;media=https%3A%2F%2Fbeltway.tur.ar%2Ftravel%2Fwp-content%2Fuploads%2F2019%2F11%2F438811834_18392302342078382_277200632259434465_n-705x529.jpeg' data-av_icon='\ue8f8' data-av_iconfont='entypo-fontello'  title='' data-avia-related-tooltip='Compartir en Pinterest'><span class='avia_hidden_link_text'>Compartir en Pinterest<\/span><\/a><\/li><li class='av-share-link av-social-link-mail avia_social_iconfont' ><a  aria-label=\"Compartir por correo\" href='mailto:?subject=Cabalgata%20en%20la%20Estepa&#038;body=https:\/\/beltway.tur.ar\/travel\/la-fragua\/' data-av_icon='\ue805' data-av_iconfont='entypo-fontello'  title='' data-avia-related-tooltip='Compartir por correo'><span class='avia_hidden_link_text'>Compartir por correo<\/span><\/a><\/li><\/ul><\/div><\/div><\/div>\n\n<style type=\"text\/css\" data-created_by=\"avia_inline_auto\" id=\"style-css-av-1vbjve-77f910d1c7856d2a122df0d69976b9d7\">\n.flex_column.av-1vbjve-77f910d1c7856d2a122df0d69976b9d7{\nborder-radius:0px 0px 0px 0px;\npadding:0px 0px 0px 0px;\n}\n<\/style>\n<div  class='flex_column av-1vbjve-77f910d1c7856d2a122df0d69976b9d7 av_three_fifth  avia-builder-el-9  el_after_av_one_full  avia-builder-el-last  first flex_column_div av-zero-column-padding  column-top-margin'     ><\/div>\n","protected":false},"excerpt":{"rendered":"","protected":false},"author":4,"featured_media":25698,"comment_status":"open","ping_status":"open","sticky":false,"template":"","format":"standard","meta":{"footnotes":""},"categories":[74],"tags":[261,77,78,259,222,260,236],"class_list":["post-3242","post","type-post","status-publish","format-standard","has-post-thumbnail","hentry","category-excursiones-de-aventura","tag-12-de-cabalgata","tag-cabalgata","tag-caballos","tag-estancia-san-ramon","tag-excursiones-en-bariloche","tag-la-fragua","tag-paseos-en-bariloche"],"_links":{"self":[{"href":"https:\/\/beltway.tur.ar\/travel\/wp-json\/wp\/v2\/posts\/3242","targetHints":{"allow":["GET"]}}],"collection":[{"href":"https:\/\/beltway.tur.ar\/travel\/wp-json\/wp\/v2\/posts"}],"about":[{"href":"https:\/\/beltway.tur.ar\/travel\/wp-json\/wp\/v2\/types\/post"}],"author":[{"embeddable":true,"href":"https:\/\/beltway.tur.ar\/travel\/wp-json\/wp\/v2\/users\/4"}],"replies":[{"embeddable":true,"href":"https:\/\/beltway.tur.ar\/travel\/wp-json\/wp\/v2\/comments?post=3242"}],"version-history":[{"count":11,"href":"https:\/\/beltway.tur.ar\/travel\/wp-json\/wp\/v2\/posts\/3242\/revisions"}],"predecessor-version":[{"id":26327,"href":"https:\/\/beltway.tur.ar\/travel\/wp-json\/wp\/v2\/posts\/3242\/revisions\/26327"}],"wp:featuredmedia":[{"embeddable":true,"href":"https:\/\/beltway.tur.ar\/travel\/wp-json\/wp\/v2\/media\/25698"}],"wp:attachment":[{"href":"https:\/\/beltway.tur.ar\/travel\/wp-json\/wp\/v2\/media?parent=3242"}],"wp:term":[{"taxonomy":"category","embeddable":true,"href":"https:\/\/beltway.tur.ar\/travel\/wp-json\/wp\/v2\/categories?post=3242"},{"taxonomy":"post_tag","embeddable":true,"href":"https:\/\/beltway.tur.ar\/travel\/wp-json\/wp\/v2\/tags?post=3242"}],"curies":[{"name":"wp","href":"https:\/\/api.w.org\/{rel}","templated":true}]}}