{"id":3670,"date":"2021-09-20T14:37:21","date_gmt":"2021-09-20T14:37:21","guid":{"rendered":"http:\/\/beltway.tur.ar\/travel\/?p=3670"},"modified":"2024-10-09T22:15:51","modified_gmt":"2024-10-09T22:15:51","slug":"cerro-tronador-cascada-los-alerces","status":"publish","type":"post","link":"https:\/\/beltway.tur.ar\/travel\/cerro-tronador-cascada-los-alerces\/","title":{"rendered":"Cerro Tronador y Cascada los Alerces"},"content":{"rendered":"\n<style type=\"text\/css\" data-created_by=\"avia_inline_auto\" id=\"style-css-av-av_one_full-6126cab7d8fab8d08143dd2dacdf673c\">\n.flex_column.av-av_one_full-6126cab7d8fab8d08143dd2dacdf673c{\nborder-radius:0px 0px 0px 0px;\npadding:0px 0px 0px 0px;\n}\n<\/style>\n<div  class='flex_column av-av_one_full-6126cab7d8fab8d08143dd2dacdf673c av_one_full  avia-builder-el-0  el_before_av_one_third  avia-builder-el-first  first flex_column_div av-zero-column-padding  '     ><style type=\"text\/css\" data-created_by=\"avia_inline_auto\" id=\"style-css-av-av_slideshow_accordion-c367434682a595912a81c076b035e126\">\n.avia-accordion.av-av_slideshow_accordion-c367434682a595912a81c076b035e126{\nmax-height:375px;\n}\n.avia-accordion.av-av_slideshow_accordion-c367434682a595912a81c076b035e126 .aviaccordion-preview{\nwidth:20.1%;\n}\n#top .avia-accordion.av-av_slideshow_accordion-c367434682a595912a81c076b035e126 .aviaccordion-title{\nfont-size:10px;\n}\n.avia-accordion .aviaccordion-slide.av-av_slideshow_accordion-c367434682a595912a81c076b035e126__0{\nleft:0%;\n}\n.avia-accordion .aviaccordion-slide.av-av_slideshow_accordion-c367434682a595912a81c076b035e126__1{\nleft:20%;\n}\n.avia-accordion .aviaccordion-slide.av-av_slideshow_accordion-c367434682a595912a81c076b035e126__2{\nleft:40%;\n}\n.avia-accordion .aviaccordion-slide.av-av_slideshow_accordion-c367434682a595912a81c076b035e126__3{\nleft:60%;\n}\n.avia-accordion .aviaccordion-slide.av-av_slideshow_accordion-c367434682a595912a81c076b035e126__4{\nleft:80%;\n}\n<\/style>\n<div  id=\"accordion_slider_1\"  class='aviaccordion avia-accordion av-av_slideshow_accordion-c367434682a595912a81c076b035e126 aviaccordion-title-active av-slideshow-autoplay av-loop-endless ' data-slideshow-options=\"{&quot;interval&quot;:3,&quot;autoplay&quot;:true,&quot;loop_autoplay&quot;:&quot;endless&quot;}\"  itemscope=\"itemscope\" itemtype=\"https:\/\/schema.org\/Blog\" ><ul class=\"aviaccordion-inner\"><li class='aviaccordion-slide av-av_slideshow_accordion-c367434682a595912a81c076b035e126__0 aviaccordion-slide-1' data-av-left='0'  itemscope=\"itemscope\" itemtype=\"https:\/\/schema.org\/BlogPosting\" itemprop=\"blogPost\" ><a class='aviaccordion-slide-link noHover' href=\"https:\/\/beltway.tur.ar\/travel\/wp-content\/uploads\/2021\/09\/tempImage02st7M-scaled-e1728518171771-1030x594.jpg\"  title=\"tempImage02st7M\" ><div class='aviaccordion-preview av-accordion-text-center'><\/div><img loading=\"lazy\" decoding=\"async\" width=\"710\" height=\"375\" src=\"https:\/\/beltway.tur.ar\/travel\/wp-content\/uploads\/2021\/09\/tempImage02st7M-scaled-e1728518171771-710x375.jpg\" class=\"aviaccordion-image\" alt=\"\" \/><\/a><\/li><li class='aviaccordion-slide av-av_slideshow_accordion-c367434682a595912a81c076b035e126__1 aviaccordion-slide-2' data-av-left='20'  itemscope=\"itemscope\" itemtype=\"https:\/\/schema.org\/BlogPosting\" itemprop=\"blogPost\" ><a class='aviaccordion-slide-link noHover' href=\"https:\/\/beltway.tur.ar\/travel\/wp-content\/uploads\/2017\/05\/Tronador.original.12135-e1523389437820-1030x334.jpg\"  title=\"Tronador.original.12135\" ><div class='aviaccordion-preview av-accordion-text-center'><\/div><img loading=\"lazy\" decoding=\"async\" width=\"710\" height=\"375\" src=\"https:\/\/beltway.tur.ar\/travel\/wp-content\/uploads\/2017\/05\/Tronador.original.12135-e1523389437820-710x375.jpg\" class=\"aviaccordion-image\" alt=\"\" \/><\/a><\/li><li class='aviaccordion-slide av-av_slideshow_accordion-c367434682a595912a81c076b035e126__2 aviaccordion-slide-3' data-av-left='40'  itemscope=\"itemscope\" itemtype=\"https:\/\/schema.org\/BlogPosting\" itemprop=\"blogPost\" ><a class='aviaccordion-slide-link noHover' href=\"https:\/\/beltway.tur.ar\/travel\/wp-content\/uploads\/2017\/05\/lago-mascardi-1030x579.jpg\"  title=\"lago-mascardi\" ><div class='aviaccordion-preview av-accordion-text-center'><\/div><img loading=\"lazy\" decoding=\"async\" width=\"710\" height=\"375\" src=\"https:\/\/beltway.tur.ar\/travel\/wp-content\/uploads\/2017\/05\/lago-mascardi-710x375.jpg\" class=\"aviaccordion-image\" alt=\"\" \/><\/a><\/li><li class='aviaccordion-slide av-av_slideshow_accordion-c367434682a595912a81c076b035e126__3 aviaccordion-slide-4' data-av-left='60'  itemscope=\"itemscope\" itemtype=\"https:\/\/schema.org\/BlogPosting\" itemprop=\"blogPost\" ><a class='aviaccordion-slide-link noHover' href=\"https:\/\/beltway.tur.ar\/travel\/wp-content\/uploads\/2017\/05\/rio_negro_tronador_11.jpg\"  title=\"rio_negro_tronador_11\" ><div class='aviaccordion-preview av-accordion-text-center'><\/div><img loading=\"lazy\" decoding=\"async\" width=\"710\" height=\"375\" src=\"https:\/\/beltway.tur.ar\/travel\/wp-content\/uploads\/2017\/05\/rio_negro_tronador_11-710x375.jpg\" class=\"aviaccordion-image\" alt=\"\" \/><\/a><\/li><li class='aviaccordion-slide av-av_slideshow_accordion-c367434682a595912a81c076b035e126__4 aviaccordion-slide-5' data-av-left='80'  itemscope=\"itemscope\" itemtype=\"https:\/\/schema.org\/BlogPosting\" itemprop=\"blogPost\" ><a class='aviaccordion-slide-link noHover' href=\"https:\/\/beltway.tur.ar\/travel\/wp-content\/uploads\/2017\/05\/tronador-4.jpg\"  title=\"tronador 4\" ><div class='aviaccordion-preview av-accordion-text-center'><\/div><img loading=\"lazy\" decoding=\"async\" width=\"710\" height=\"375\" src=\"https:\/\/beltway.tur.ar\/travel\/wp-content\/uploads\/2017\/05\/tronador-4-710x375.jpg\" class=\"aviaccordion-image\" alt=\"\" \/><\/a><\/li><\/ul><div class='aviaccordion-spacer' style='padding-bottom:52.816901408451%'><\/div><\/div><\/div>\n<style type=\"text\/css\" data-created_by=\"avia_inline_auto\" id=\"style-css-av-av_one_third-6126cab7d8fab8d08143dd2dacdf673c\">\n.flex_column.av-av_one_third-6126cab7d8fab8d08143dd2dacdf673c{\nborder-radius:0px 0px 0px 0px;\npadding:0px 0px 0px 0px;\n}\n<\/style>\n<div  class='flex_column av-av_one_third-6126cab7d8fab8d08143dd2dacdf673c av_one_third  avia-builder-el-2  el_after_av_one_full  el_before_av_two_third  first flex_column_div av-zero-column-padding  column-top-margin'     ><div  class='av-catalogue-container av-av_catalogue-7bea2df44558fbd9a19bbfcd77d7f0ff  avia-builder-el-3  avia-builder-el-no-sibling '><ul class='av-catalogue-list'>\n<li><div class='av-catalogue-item av-av_catalogue_item-9131dad363660c8feba8fb051c800c3b' ><div class=\"av-catalogue-item-inner\"><div class=\"av-catalogue-title-container\"><div class='av-catalogue-title'>Temporada<\/div><div class='av-catalogue-price'><\/div><\/div><div class=\"av-catalogue-content\">\nPrimavera &#8211; verano<br \/>\n<\/div><\/div><\/div><\/li>\n<li><div class='av-catalogue-item av-av_catalogue_item-2a8836ed6cb2582ae7f2ded598fcfa2a' ><div class=\"av-catalogue-item-inner\"><div class=\"av-catalogue-title-container\"><div class='av-catalogue-title'>Duraci\u00f3n<\/div><div class='av-catalogue-price'><\/div><\/div><div class=\"av-catalogue-content\">\nTodo el\u00a0\u00a0D\u00eda<br \/>\n<\/div><\/div><\/div><\/li>\n<li><div class='av-catalogue-item av-av_catalogue_item-8ffd729260971547a22bf6cdd062686e' ><div class=\"av-catalogue-item-inner\"><div class=\"av-catalogue-title-container\"><div class='av-catalogue-title'>No Incluye<\/div><div class='av-catalogue-price'><\/div><\/div><div class=\"av-catalogue-content\">\nEntrada al Parque Nacional Nahuel Huapi.<br \/>\n<\/div><\/div><\/div><\/li>\n<li><div class='av-catalogue-item av-av_catalogue_item-66e43266f931fc1534919784ad79569c' ><div class=\"av-catalogue-item-inner\"><div class=\"av-catalogue-title-container\"><div class='av-catalogue-title'>Salidas<\/div><div class='av-catalogue-price'><\/div><\/div><div class=\"av-catalogue-content\">\nLunes \/ Miercoles \/ Viernes<\/p>\n<p>08:30 Hs a 18.30 Hs<br \/>\n<\/div><\/div><\/div><\/li>\n<\/ul><\/div><\/div><\/p>\n\n<style type=\"text\/css\" data-created_by=\"avia_inline_auto\" id=\"style-css-av-av_two_third-0aa7055fe62c3622faec82866afbaeb2\">\n.flex_column.av-av_two_third-0aa7055fe62c3622faec82866afbaeb2{\nborder-radius:0px 0px 0px 0px;\npadding:0px 0px 0px 0px;\n}\n<\/style>\n<div  class='flex_column av-av_two_third-0aa7055fe62c3622faec82866afbaeb2 av_two_third  avia-builder-el-4  el_after_av_one_third  el_before_av_two_fifth  flex_column_div av-zero-column-padding  column-top-margin'     ><section  class='av_textblock_section av-av_textblock-396ddf1f42196ca838231e61a4602801 '   itemscope=\"itemscope\" itemtype=\"https:\/\/schema.org\/BlogPosting\" itemprop=\"blogPost\" ><div class='avia_textblock'  itemprop=\"text\" ><h2>Cerro Tronador c\/Cascada los Alerces<\/h2>\n<p>Saliendo de Bariloche tomamos hacia el sur por la Ruta 40 (que va hacia El Bols\u00f3n), luego de pasar por el Lago Gutierrez y el Lago Mascardi ingresamos a la derecha por el camino a Tronador. El mismo conduce hasta el r\u00edo Manso Medio, donde se bifurca. All\u00ed, en lugar de cruzar el puente sobre el r\u00edo, continuamos por el camino pasando por los lagos Los Moscos y Hess. Luego cruzamos el Puente sobre el r\u00edo Roca y llegamos a un estacionamiento, a partir de aqu\u00ed el recorrido contin\u00faa a pie y tras una breve caminata llegamos hasta el Mirador de la Cascada los Alerces. La misma es un hermoso salto de 20 metros de altura que realiza el r\u00edo Manso en su recorrido poco despu\u00e9s de abandonar el lago Hess. Este r\u00edo de aguas fr\u00edas y cristalinas tiene la particularidad de desembocar en el oc\u00e9ano Pac\u00edfico, en Chile. La cascada puede apreciarse desde un amplio mirador, rodeado de un tupido bosque de altos coihues y h\u00famedas paredes repletas de helechos y musgos. En este sector, el bosque tiene la particularidad de poseer algunos ejemplares de alerces, de all\u00ed el nombre de la cascada. Luego continuamos el recorrido hacia Pampa Linda, parada obligada para el almuerzo. Al terminar el almuerzo continuamos el recorrido hasta el final del camino y arribamos al pie del cerro m\u00e1s alto del Parque Nacional, el Cerro Tronador, asi llamado por el sonido que produce el rompimiento y desprendimiento de los glaciares alojados en sus cumbres. Desde este punto se aprecia el Glaciar R\u00edo Manso, com\u00fanmente llamado \u00abVentisquero Negro\u00bb llegando as\u00ed al final del recorrido. Desde aqui emprendemos el regreso a Bariloche.<\/p>\n<\/div><\/section><br \/>\n<div  class='hr av-av_hr-dcd2069817a0e3d34ae04cad8f3443c7 hr-default  avia-builder-el-6  el_after_av_textblock  avia-builder-el-last '><span class='hr-inner '><span class=\"hr-inner-style\"><\/span><\/span><\/div><\/p><\/div>\n\n<style type=\"text\/css\" data-created_by=\"avia_inline_auto\" id=\"style-css-av-av_two_fifth-6126cab7d8fab8d08143dd2dacdf673c\">\n.flex_column.av-av_two_fifth-6126cab7d8fab8d08143dd2dacdf673c{\nborder-radius:0px 0px 0px 0px;\npadding:0px 0px 0px 0px;\n}\n<\/style>\n<div  class='flex_column av-av_two_fifth-6126cab7d8fab8d08143dd2dacdf673c av_two_fifth  avia-builder-el-7  el_after_av_two_third  el_before_av_one_full  first flex_column_div av-zero-column-padding  column-top-margin'     ><div  class='avia-video av-av_video-f967f90115365cbd975fbf0329b0c433 avia-video-16-9 av-no-preview-image avia-video-load-always avia-video-html5'  itemprop=\"video\" itemtype=\"https:\/\/schema.org\/VideoObject\"  data-original_url='http:\/\/beltway.tur.ar\/travel\/wp-content\/uploads\/2021\/09\/y2mate.com-cascada-los-alerces-San-Carlos-de-Bariloche_480p.mp4'><video class='avia_video'    preload=\"auto\"  controls id='player_3670_231420805_402699155'><source src='http:\/\/beltway.tur.ar\/travel\/wp-content\/uploads\/2021\/09\/y2mate.com-cascada-los-alerces-San-Carlos-de-Bariloche_480p.mp4' type='video\/mp4' \/><\/video><\/div><\/div>\n\n<style type=\"text\/css\" data-created_by=\"avia_inline_auto\" id=\"style-css-av-av_one_full-6126cab7d8fab8d08143dd2dacdf673c\">\n.flex_column.av-av_one_full-6126cab7d8fab8d08143dd2dacdf673c{\nborder-radius:0px 0px 0px 0px;\npadding:0px 0px 0px 0px;\n}\n<\/style>\n<div  class='flex_column av-av_one_full-6126cab7d8fab8d08143dd2dacdf673c av_one_full  avia-builder-el-9  el_after_av_two_fifth  el_before_av_three_fifth  first flex_column_div av-zero-column-padding  '     ><div  class='av-social-sharing-box av-av_social_share-7004b35396bd6dc3bfc91a5692fc98e2 av-social-sharing-box-default  avia-builder-el-10  avia-builder-el-no-sibling  av-social-sharing-box-fullwidth'><div class=\"av-share-box\"><h5 class='av-share-link-description av-no-toc '>Compartir esta Excursi\u00f3n<\/h5><ul class=\"av-share-box-list noLightbox\"><li class='av-share-link av-social-link-facebook avia_social_iconfont' ><a target=\"_blank\" aria-label=\"Compartir en Facebook\" href='https:\/\/www.facebook.com\/sharer.php?u=https:\/\/beltway.tur.ar\/travel\/cerro-tronador-cascada-los-alerces\/&#038;t=Cerro%20Tronador%20y%20Cascada%20los%20Alerces' data-av_icon='\ue8f3' data-av_iconfont='entypo-fontello'  title='' data-avia-related-tooltip='Compartir en Facebook'><span class='avia_hidden_link_text'>Compartir en Facebook<\/span><\/a><\/li><li class='av-share-link av-social-link-twitter avia_social_iconfont' ><a target=\"_blank\" aria-label=\"Compartir en X\" href='https:\/\/twitter.com\/share?text=Cerro%20Tronador%20y%20Cascada%20los%20Alerces&#038;url=https:\/\/beltway.tur.ar\/travel\/?p=3670' data-av_icon='\ue932' data-av_iconfont='entypo-fontello'  title='' data-avia-related-tooltip='Compartir en X'><span class='avia_hidden_link_text'>Compartir en X<\/span><\/a><\/li><li class='av-share-link av-social-link-pinterest avia_social_iconfont' ><a target=\"_blank\" aria-label=\"Compartir en Pinterest\" href='https:\/\/pinterest.com\/pin\/create\/button\/?url=https%3A%2F%2Fbeltway.tur.ar%2Ftravel%2Fcerro-tronador-cascada-los-alerces%2F&#038;description=Cerro%20Tronador%20y%20Cascada%20los%20Alerces&#038;media=https%3A%2F%2Fbeltway.tur.ar%2Ftravel%2Fwp-content%2Fuploads%2F2021%2F09%2FtempImage02st7M-scaled-e1728518171771-705x406.jpg' data-av_icon='\ue8f8' data-av_iconfont='entypo-fontello'  title='' data-avia-related-tooltip='Compartir en Pinterest'><span class='avia_hidden_link_text'>Compartir en Pinterest<\/span><\/a><\/li><li class='av-share-link av-social-link-mail avia_social_iconfont' ><a  aria-label=\"Compartir por correo\" href='mailto:?subject=Cerro%20Tronador%20y%20Cascada%20los%20Alerces&#038;body=https:\/\/beltway.tur.ar\/travel\/cerro-tronador-cascada-los-alerces\/' data-av_icon='\ue805' data-av_iconfont='entypo-fontello'  title='' data-avia-related-tooltip='Compartir por correo'><span class='avia_hidden_link_text'>Compartir por correo<\/span><\/a><\/li><\/ul><\/div><\/div><\/div>\n\n<style type=\"text\/css\" data-created_by=\"avia_inline_auto\" id=\"style-css-av-av_three_fifth-6126cab7d8fab8d08143dd2dacdf673c\">\n.flex_column.av-av_three_fifth-6126cab7d8fab8d08143dd2dacdf673c{\nborder-radius:0px 0px 0px 0px;\npadding:0px 0px 0px 0px;\n}\n<\/style>\n<div  class='flex_column av-av_three_fifth-6126cab7d8fab8d08143dd2dacdf673c av_three_fifth  avia-builder-el-11  el_after_av_one_full  avia-builder-el-last  first flex_column_div av-zero-column-padding  column-top-margin'     ><\/div>\n","protected":false},"excerpt":{"rendered":"","protected":false},"author":4,"featured_media":25673,"comment_status":"open","ping_status":"open","sticky":false,"template":"","format":"standard","meta":{"footnotes":""},"categories":[73,1],"tags":[147,149,143,222,150,144,151,236,152,111,148,146,145],"class_list":["post-3670","post","type-post","status-publish","format-standard","has-post-thumbnail","hentry","category-excursiones-tradicionales","category-sin-categoria","tag-cascada-los-alerces","tag-cascadas-de-los-cesares","tag-cerro-tronador","tag-excursiones-en-bariloche","tag-hotel-tronador","tag-lago-mascardi","tag-pampa-linda","tag-paseos-en-bariloche","tag-refugio-otto-meiling","tag-rio-manso","tag-saltillos-de-las-nalcas","tag-trekking-en-tronador","tag-ventisquero-negro"],"_links":{"self":[{"href":"https:\/\/beltway.tur.ar\/travel\/wp-json\/wp\/v2\/posts\/3670","targetHints":{"allow":["GET"]}}],"collection":[{"href":"https:\/\/beltway.tur.ar\/travel\/wp-json\/wp\/v2\/posts"}],"about":[{"href":"https:\/\/beltway.tur.ar\/travel\/wp-json\/wp\/v2\/types\/post"}],"author":[{"embeddable":true,"href":"https:\/\/beltway.tur.ar\/travel\/wp-json\/wp\/v2\/users\/4"}],"replies":[{"embeddable":true,"href":"https:\/\/beltway.tur.ar\/travel\/wp-json\/wp\/v2\/comments?post=3670"}],"version-history":[{"count":14,"href":"https:\/\/beltway.tur.ar\/travel\/wp-json\/wp\/v2\/posts\/3670\/revisions"}],"predecessor-version":[{"id":25694,"href":"https:\/\/beltway.tur.ar\/travel\/wp-json\/wp\/v2\/posts\/3670\/revisions\/25694"}],"wp:featuredmedia":[{"embeddable":true,"href":"https:\/\/beltway.tur.ar\/travel\/wp-json\/wp\/v2\/media\/25673"}],"wp:attachment":[{"href":"https:\/\/beltway.tur.ar\/travel\/wp-json\/wp\/v2\/media?parent=3670"}],"wp:term":[{"taxonomy":"category","embeddable":true,"href":"https:\/\/beltway.tur.ar\/travel\/wp-json\/wp\/v2\/categories?post=3670"},{"taxonomy":"post_tag","embeddable":true,"href":"https:\/\/beltway.tur.ar\/travel\/wp-json\/wp\/v2\/tags?post=3670"}],"curies":[{"name":"wp","href":"https:\/\/api.w.org\/{rel}","templated":true}]}}