{"id":980,"date":"2017-05-18T15:31:04","date_gmt":"2017-05-18T15:31:04","guid":{"rendered":"http:\/\/c0530437.ferozo.com\/beltway\/?p=980"},"modified":"2023-09-21T16:42:40","modified_gmt":"2023-09-21T16:42:40","slug":"cruce-de-lagos","status":"publish","type":"post","link":"https:\/\/beltway.tur.ar\/travel\/cruce-de-lagos\/","title":{"rendered":"Cruce Andino"},"content":{"rendered":"\n<style type=\"text\/css\" data-created_by=\"avia_inline_auto\" id=\"style-css-av-av_one_full-6126cab7d8fab8d08143dd2dacdf673c\">\n.flex_column.av-av_one_full-6126cab7d8fab8d08143dd2dacdf673c{\nborder-radius:0px 0px 0px 0px;\npadding:0px 0px 0px 0px;\n}\n<\/style>\n<div  class='flex_column av-av_one_full-6126cab7d8fab8d08143dd2dacdf673c av_one_full  avia-builder-el-0  el_before_av_one_third  avia-builder-el-first  first flex_column_div av-zero-column-padding  '     ><style type=\"text\/css\" data-created_by=\"avia_inline_auto\" id=\"style-css-av-av_slideshow_accordion-f49741255d9bb3e4330563e58e5a81b9\">\n.avia-accordion.av-av_slideshow_accordion-f49741255d9bb3e4330563e58e5a81b9{\nmax-height:423px;\n}\n.avia-accordion.av-av_slideshow_accordion-f49741255d9bb3e4330563e58e5a81b9 .aviaccordion-preview{\nwidth:15.1%;\n}\n#top .avia-accordion.av-av_slideshow_accordion-f49741255d9bb3e4330563e58e5a81b9 .aviaccordion-title{\nfont-size:10px;\n}\n.avia-accordion .aviaccordion-slide.av-av_slideshow_accordion-f49741255d9bb3e4330563e58e5a81b9__0{\nleft:0%;\n}\n.avia-accordion .aviaccordion-slide.av-av_slideshow_accordion-f49741255d9bb3e4330563e58e5a81b9__1{\nleft:14.285714285714%;\n}\n.avia-accordion .aviaccordion-slide.av-av_slideshow_accordion-f49741255d9bb3e4330563e58e5a81b9__2{\nleft:28.571428571429%;\n}\n.avia-accordion .aviaccordion-slide.av-av_slideshow_accordion-f49741255d9bb3e4330563e58e5a81b9__3{\nleft:42.857142857143%;\n}\n.avia-accordion .aviaccordion-slide.av-av_slideshow_accordion-f49741255d9bb3e4330563e58e5a81b9__4{\nleft:57.142857142857%;\n}\n.avia-accordion .aviaccordion-slide.av-av_slideshow_accordion-f49741255d9bb3e4330563e58e5a81b9__5{\nleft:71.428571428571%;\n}\n.avia-accordion .aviaccordion-slide.av-av_slideshow_accordion-f49741255d9bb3e4330563e58e5a81b9__6{\nleft:85.714285714286%;\n}\n<\/style>\n<div  id=\"accordion_slider_1\"  class='aviaccordion avia-accordion av-av_slideshow_accordion-f49741255d9bb3e4330563e58e5a81b9 aviaccordion-title-active av-slideshow-autoplay av-loop-endless ' data-slideshow-options=\"{&quot;interval&quot;:3,&quot;autoplay&quot;:true,&quot;loop_autoplay&quot;:&quot;endless&quot;}\"  itemscope=\"itemscope\" itemtype=\"https:\/\/schema.org\/Blog\" ><ul class=\"aviaccordion-inner\"><li class='aviaccordion-slide av-av_slideshow_accordion-f49741255d9bb3e4330563e58e5a81b9__0 aviaccordion-slide-1' data-av-left='0'  itemscope=\"itemscope\" itemtype=\"https:\/\/schema.org\/BlogPosting\" itemprop=\"blogPost\" ><a class='aviaccordion-slide-link noHover' href=\"https:\/\/beltway.tur.ar\/travel\/wp-content\/uploads\/2017\/05\/7-puerto-c\u00e1ntaros-1030x773.jpg\"  title=\"7 &#8211; puerto c\u00e1ntaros\" ><div class='aviaccordion-preview '><\/div><img loading=\"lazy\" decoding=\"async\" width=\"1210\" height=\"423\" src=\"https:\/\/beltway.tur.ar\/travel\/wp-content\/uploads\/2017\/05\/7-puerto-c\u00e1ntaros-1210x423.jpg\" class=\"aviaccordion-image\" alt=\"\" \/><\/a><\/li><li class='aviaccordion-slide av-av_slideshow_accordion-f49741255d9bb3e4330563e58e5a81b9__1 aviaccordion-slide-2' data-av-left='14.285714285714'  itemscope=\"itemscope\" itemtype=\"https:\/\/schema.org\/BlogPosting\" itemprop=\"blogPost\" ><a class='aviaccordion-slide-link noHover' href=\"https:\/\/beltway.tur.ar\/travel\/wp-content\/uploads\/2016\/02\/6-gaviotas.jpg\"  title=\"6- gaviotas\" ><div class='aviaccordion-preview '><\/div><img loading=\"lazy\" decoding=\"async\" width=\"1024\" height=\"423\" src=\"https:\/\/beltway.tur.ar\/travel\/wp-content\/uploads\/2016\/02\/6-gaviotas-1024x423.jpg\" class=\"aviaccordion-image\" alt=\"\" \/><\/a><\/li><li class='aviaccordion-slide av-av_slideshow_accordion-f49741255d9bb3e4330563e58e5a81b9__2 aviaccordion-slide-3' data-av-left='28.571428571429'  itemscope=\"itemscope\" itemtype=\"https:\/\/schema.org\/BlogPosting\" itemprop=\"blogPost\" ><a class='aviaccordion-slide-link noHover' href=\"https:\/\/beltway.tur.ar\/travel\/wp-content\/uploads\/2017\/05\/5-1030x773.jpg\"  title=\"5\" ><div class='aviaccordion-preview '><\/div><img loading=\"lazy\" decoding=\"async\" width=\"1210\" height=\"423\" src=\"https:\/\/beltway.tur.ar\/travel\/wp-content\/uploads\/2017\/05\/5-1210x423.jpg\" class=\"aviaccordion-image\" alt=\"\" \/><\/a><\/li><li class='aviaccordion-slide av-av_slideshow_accordion-f49741255d9bb3e4330563e58e5a81b9__3 aviaccordion-slide-4' data-av-left='42.857142857143'  itemscope=\"itemscope\" itemtype=\"https:\/\/schema.org\/BlogPosting\" itemprop=\"blogPost\" ><a class='aviaccordion-slide-link noHover' href=\"https:\/\/beltway.tur.ar\/travel\/wp-content\/uploads\/2017\/05\/2010-11-24-17.19.29-1030x773.jpg\"  title=\"2010-11-24 17.19.29\" ><div class='aviaccordion-preview '><\/div><img loading=\"lazy\" decoding=\"async\" width=\"1210\" height=\"423\" src=\"https:\/\/beltway.tur.ar\/travel\/wp-content\/uploads\/2017\/05\/2010-11-24-17.19.29-1210x423.jpg\" class=\"aviaccordion-image\" alt=\"\" \/><\/a><\/li><li class='aviaccordion-slide av-av_slideshow_accordion-f49741255d9bb3e4330563e58e5a81b9__4 aviaccordion-slide-5' data-av-left='57.142857142857'  itemscope=\"itemscope\" itemtype=\"https:\/\/schema.org\/BlogPosting\" itemprop=\"blogPost\" ><a class='aviaccordion-slide-link noHover' href=\"https:\/\/beltway.tur.ar\/travel\/wp-content\/uploads\/2017\/05\/1rd_cruce-andino-1030x686.jpg\"  title=\"1rd_cruce-andino\" ><div class='aviaccordion-preview '><\/div><img loading=\"lazy\" decoding=\"async\" width=\"1210\" height=\"423\" src=\"https:\/\/beltway.tur.ar\/travel\/wp-content\/uploads\/2017\/05\/1rd_cruce-andino-1210x423.jpg\" class=\"aviaccordion-image\" alt=\"\" \/><\/a><\/li><li class='aviaccordion-slide av-av_slideshow_accordion-f49741255d9bb3e4330563e58e5a81b9__5 aviaccordion-slide-6' data-av-left='71.428571428571'  itemscope=\"itemscope\" itemtype=\"https:\/\/schema.org\/BlogPosting\" itemprop=\"blogPost\" ><a class='aviaccordion-slide-link noHover' href=\"https:\/\/beltway.tur.ar\/travel\/wp-content\/uploads\/2017\/05\/DSCF1416-1030x773.jpg\"  title=\"DSCF1416\" ><div class='aviaccordion-preview '><\/div><img loading=\"lazy\" decoding=\"async\" width=\"1210\" height=\"423\" src=\"https:\/\/beltway.tur.ar\/travel\/wp-content\/uploads\/2017\/05\/DSCF1416-1210x423.jpg\" class=\"aviaccordion-image\" alt=\"\" \/><\/a><\/li><li class='aviaccordion-slide av-av_slideshow_accordion-f49741255d9bb3e4330563e58e5a81b9__6 aviaccordion-slide-7' data-av-left='85.714285714286'  itemscope=\"itemscope\" itemtype=\"https:\/\/schema.org\/BlogPosting\" itemprop=\"blogPost\" ><a class='aviaccordion-slide-link noHover' href=\"https:\/\/beltway.tur.ar\/travel\/wp-content\/uploads\/2017\/05\/24-puerto-varas-1-1030x688.jpg\"  title=\"24-puerto-varas-1\" ><div class='aviaccordion-preview '><\/div><img loading=\"lazy\" decoding=\"async\" width=\"1210\" height=\"423\" src=\"https:\/\/beltway.tur.ar\/travel\/wp-content\/uploads\/2017\/05\/24-puerto-varas-1-1210x423.jpg\" class=\"aviaccordion-image\" alt=\"\" \/><\/a><\/li><\/ul><div class='aviaccordion-spacer' style='padding-bottom:34.95867768595%'><\/div><\/div><\/div>\n\n<style type=\"text\/css\" data-created_by=\"avia_inline_auto\" id=\"style-css-av-av_one_third-6126cab7d8fab8d08143dd2dacdf673c\">\n.flex_column.av-av_one_third-6126cab7d8fab8d08143dd2dacdf673c{\nborder-radius:0px 0px 0px 0px;\npadding:0px 0px 0px 0px;\n}\n<\/style>\n<div  class='flex_column av-av_one_third-6126cab7d8fab8d08143dd2dacdf673c av_one_third  avia-builder-el-2  el_after_av_one_full  el_before_av_two_third  first flex_column_div av-zero-column-padding  column-top-margin'     ><div  class='av-catalogue-container av-av_catalogue-7bea2df44558fbd9a19bbfcd77d7f0ff  avia-builder-el-3  avia-builder-el-no-sibling '><ul class='av-catalogue-list'>\n<li><div class='av-catalogue-item av-av_catalogue_item-9131dad363660c8feba8fb051c800c3b' ><div class=\"av-catalogue-item-inner\"><div class=\"av-catalogue-title-container\"><div class='av-catalogue-title'>Temporada<\/div><div class='av-catalogue-price'><\/div><\/div><div class=\"av-catalogue-content\">\nTodo el A\u00f1o<br \/>\n<\/div><\/div><\/div><\/li>\n<li><div class='av-catalogue-item av-av_catalogue_item-9b88ef11b34395af3ba29292cb7d30fa' ><div class=\"av-catalogue-item-inner\"><div class=\"av-catalogue-title-container\"><div class='av-catalogue-title'>Duraci\u00f3n<\/div><div class='av-catalogue-price'><\/div><\/div><div class=\"av-catalogue-content\">\nTodo el D\u00eda hasta llegar a Puerto Varas<br \/>\n<\/div><\/div><\/div><\/li>\n<li><div class='av-catalogue-item av-av_catalogue_item-be734a0d358f9c2d6b49600a94f9abf7' ><div class=\"av-catalogue-item-inner\"><div class=\"av-catalogue-title-container\"><div class='av-catalogue-title'>no incluye<\/div><div class='av-catalogue-price'><\/div><\/div><div class=\"av-catalogue-content\">\n<b>\u00bb\u00a0<\/b>Tasa de embarque<br \/>\n<b>\u00bb\u00a0<\/b>Comidas<br \/>\n<b>\u00bb\u00a0<\/b>Alojamiento en\u00a0Puerto Varas<br \/>\n<\/div><\/div><\/div><\/li>\n<li><div class='av-catalogue-item av-av_catalogue_item-66e43266f931fc1534919784ad79569c' ><div class=\"av-catalogue-item-inner\"><div class=\"av-catalogue-title-container\"><div class='av-catalogue-title'>Salidas<\/div><div class='av-catalogue-price'><\/div><\/div><div class=\"av-catalogue-content\">\nSalida desde Bariloche: 08:00 hs<br \/>\nFinaliza en Pto. Varas:\u00a019:30hs.<\/p>\n<p><em>Es indispensable hacer noche en el punto de llegada. No es posible realizar el Cruce Andino ida y vuelta en el d\u00eda.<\/em><br \/>\n<\/div><\/div><\/div><\/li>\n<\/ul><\/div><\/div>\n<style type=\"text\/css\" data-created_by=\"avia_inline_auto\" id=\"style-css-av-av_two_third-0aa7055fe62c3622faec82866afbaeb2\">\n.flex_column.av-av_two_third-0aa7055fe62c3622faec82866afbaeb2{\nborder-radius:0px 0px 0px 0px;\npadding:0px 0px 0px 0px;\n}\n<\/style>\n<div  class='flex_column av-av_two_third-0aa7055fe62c3622faec82866afbaeb2 av_two_third  avia-builder-el-4  el_after_av_one_third  el_before_av_one_full  flex_column_div av-zero-column-padding  column-top-margin'     ><section  class='av_textblock_section av-av_textblock-396ddf1f42196ca838231e61a4602801 '   itemscope=\"itemscope\" itemtype=\"https:\/\/schema.org\/BlogPosting\" itemprop=\"blogPost\" ><div class='avia_textblock'  itemprop=\"text\" ><h2><strong>Cruce Andino<\/strong><\/h2>\n<p>Viajemos por la cordillera para descubrir la belleza de los lagos y monta\u00f1as sure\u00f1os. El recorrido se puede realizar en uno o dos d\u00edas con pernocte en Peulla.<\/p>\n<p>Comencemos en Bariloche o en la ciudad de Puerto Varas en Chile. Desde Bariloche surcamos las fr\u00edas aguas del lago Nahuel Huapi, alrededor de una hora, que se nos hacen minutos cuando disfrutamos del hermoso paisaje, hasta llegar a Puerto Blest, aqu\u00ed nos espera un bus que nos transporta hacia Puerto Alegre ubicado a 3 kil\u00f3metros. Una vez all\u00ed se embarcamos para navegar el Lago Fr\u00edas, destacado por el verde de sus aguas. Luego de 25 minutos de navegaci\u00f3n se llega a Puerto Fr\u00edas donde encontramos la aduana argentina. Otro bus nos cruza la frontera y despu\u00e9s de recorrer 29 km se llega a Peulla, donde encontramos la aduana chilena. Almorzamos y luego de ambarcamos para navegar el \u00faltimo lago, el Todos los Santos y as\u00ed llegar a Petrohu\u00e9 donde nos espera un \u00f3mnibus para recorrer los \u00faltimos kil\u00f3metros bordeando el Lago Llanquihue para llegar a Puerto Varas y as\u00ed finalizar este m\u00e1gico viaje.<\/p>\n<\/div><\/section><br \/>\n<div  class='hr av-av_hr-dcd2069817a0e3d34ae04cad8f3443c7 hr-default  avia-builder-el-6  el_after_av_textblock  avia-builder-el-last '><span class='hr-inner '><span class=\"hr-inner-style\"><\/span><\/span><\/div><\/p><\/div><\/p>\n\n<style type=\"text\/css\" data-created_by=\"avia_inline_auto\" id=\"style-css-av-av_one_full-6126cab7d8fab8d08143dd2dacdf673c\">\n.flex_column.av-av_one_full-6126cab7d8fab8d08143dd2dacdf673c{\nborder-radius:0px 0px 0px 0px;\npadding:0px 0px 0px 0px;\n}\n<\/style>\n<div  class='flex_column av-av_one_full-6126cab7d8fab8d08143dd2dacdf673c av_one_full  avia-builder-el-7  el_after_av_two_third  el_before_av_slideshow_accordion  avia-builder-el-last  first flex_column_div av-zero-column-padding  column-top-margin'     ><div  class='av-social-sharing-box av-av_social_share-7004b35396bd6dc3bfc91a5692fc98e2 av-social-sharing-box-default  avia-builder-el-8  avia-builder-el-no-sibling  av-social-sharing-box-fullwidth'><div class=\"av-share-box\"><h5 class='av-share-link-description av-no-toc '>Compartir esta Excursi\u00f3n<\/h5><ul class=\"av-share-box-list noLightbox\"><li class='av-share-link av-social-link-facebook avia_social_iconfont' ><a target=\"_blank\" aria-label=\"Compartir en Facebook\" href='https:\/\/www.facebook.com\/sharer.php?u=https:\/\/beltway.tur.ar\/travel\/cruce-de-lagos\/&#038;t=Cruce%20Andino' data-av_icon='\ue8f3' data-av_iconfont='entypo-fontello'  title='' data-avia-related-tooltip='Compartir en Facebook'><span class='avia_hidden_link_text'>Compartir en Facebook<\/span><\/a><\/li><li class='av-share-link av-social-link-twitter avia_social_iconfont' ><a target=\"_blank\" aria-label=\"Compartir en X\" href='https:\/\/twitter.com\/share?text=Cruce%20Andino&#038;url=https:\/\/beltway.tur.ar\/travel\/?p=980' data-av_icon='\ue932' data-av_iconfont='entypo-fontello'  title='' data-avia-related-tooltip='Compartir en X'><span class='avia_hidden_link_text'>Compartir en X<\/span><\/a><\/li><li class='av-share-link av-social-link-pinterest avia_social_iconfont' ><a target=\"_blank\" aria-label=\"Compartir en Pinterest\" href='https:\/\/pinterest.com\/pin\/create\/button\/?url=https%3A%2F%2Fbeltway.tur.ar%2Ftravel%2Fcruce-de-lagos%2F&#038;description=Cruce%20Andino&#038;media=https%3A%2F%2Fbeltway.tur.ar%2Ftravel%2Fwp-content%2Fuploads%2F2017%2F05%2F1rd_cruce-andino-705x470.jpg' data-av_icon='\ue8f8' data-av_iconfont='entypo-fontello'  title='' data-avia-related-tooltip='Compartir en Pinterest'><span class='avia_hidden_link_text'>Compartir en Pinterest<\/span><\/a><\/li><li class='av-share-link av-social-link-mail avia_social_iconfont' ><a  aria-label=\"Compartir por correo\" href='mailto:?subject=Cruce%20Andino&#038;body=https:\/\/beltway.tur.ar\/travel\/cruce-de-lagos\/' data-av_icon='\ue805' data-av_iconfont='entypo-fontello'  title='' data-avia-related-tooltip='Compartir por correo'><span class='avia_hidden_link_text'>Compartir por correo<\/span><\/a><\/li><\/ul><\/div><\/div><\/div>\n\n","protected":false},"excerpt":{"rendered":"","protected":false},"author":4,"featured_media":983,"comment_status":"open","ping_status":"open","sticky":false,"template":"","format":"standard","meta":{"footnotes":""},"categories":[73,1],"tags":[34,35,169,156,222,155,36,236,167,59,176,170,168],"class_list":["post-980","post","type-post","status-publish","format-standard","has-post-thumbnail","hentry","category-excursiones-tradicionales","category-sin-categoria","tag-barco","tag-catamaran","tag-chile","tag-cruce-andino","tag-excursiones-en-bariloche","tag-lago-frias","tag-lagos","tag-paseos-en-bariloche","tag-peulla","tag-puerto-blest","tag-puerto-panuelo","tag-puerto-varas","tag-saltos-del-petrohue"],"_links":{"self":[{"href":"https:\/\/beltway.tur.ar\/travel\/wp-json\/wp\/v2\/posts\/980","targetHints":{"allow":["GET"]}}],"collection":[{"href":"https:\/\/beltway.tur.ar\/travel\/wp-json\/wp\/v2\/posts"}],"about":[{"href":"https:\/\/beltway.tur.ar\/travel\/wp-json\/wp\/v2\/types\/post"}],"author":[{"embeddable":true,"href":"https:\/\/beltway.tur.ar\/travel\/wp-json\/wp\/v2\/users\/4"}],"replies":[{"embeddable":true,"href":"https:\/\/beltway.tur.ar\/travel\/wp-json\/wp\/v2\/comments?post=980"}],"version-history":[{"count":7,"href":"https:\/\/beltway.tur.ar\/travel\/wp-json\/wp\/v2\/posts\/980\/revisions"}],"predecessor-version":[{"id":2351,"href":"https:\/\/beltway.tur.ar\/travel\/wp-json\/wp\/v2\/posts\/980\/revisions\/2351"}],"wp:featuredmedia":[{"embeddable":true,"href":"https:\/\/beltway.tur.ar\/travel\/wp-json\/wp\/v2\/media\/983"}],"wp:attachment":[{"href":"https:\/\/beltway.tur.ar\/travel\/wp-json\/wp\/v2\/media?parent=980"}],"wp:term":[{"taxonomy":"category","embeddable":true,"href":"https:\/\/beltway.tur.ar\/travel\/wp-json\/wp\/v2\/categories?post=980"},{"taxonomy":"post_tag","embeddable":true,"href":"https:\/\/beltway.tur.ar\/travel\/wp-json\/wp\/v2\/tags?post=980"}],"curies":[{"name":"wp","href":"https:\/\/api.w.org\/{rel}","templated":true}]}}